{"id":1904,"date":"2016-04-07T13:52:55","date_gmt":"2016-04-07T11:52:55","guid":{"rendered":"http:\/\/fsmcv.org\/?post_type=fsmcv-noticias&#038;p=1904"},"modified":"2020-09-27T18:18:49","modified_gmt":"2020-09-27T18:18:49","slug":"abril-acabat-hivern-passat-es-el-lema-del-concert-de-primavera-de-lamistat-de-quart-de-poblet","status":"publish","type":"post","link":"https:\/\/fsmcv.org\/vl\/noticies-campanyes\/musica-a-la-llum\/abril-acabat-hivern-passat-es-el-lema-del-concert-de-primavera-de-lamistat-de-quart-de-poblet\/","title":{"rendered":"\u201cAbril acabat, hivern passat\u201d, es el lema del concert de primavera de L\u2019Amistat de Quart de Poblet"},"content":{"rendered":"<p class=\"texto\"><span class=\"texto\">Quart de Poblet, 7 d&#8217;abril 2016<br \/>\n<\/span><\/p>\n<p><span class=\"texto\">La Banda Simf\u00f2nica de l\u2019Agrupaci\u00f3 Musical L\u2019Amistat de Quart de Poblet realitza un concert per a donar la benvolguda a la primavera a les 20 hores del proper dissabte 9 d\u2019abril a l\u2019auditori Moli de Vila d\u2019aquesta localitat valenciana.<\/span><\/p>\n<p>Amb el refrany \u201cAbril acabat, hivern passat\u201d, el m\u00fasics de la Banda Simf\u00f2nica de L\u2019Amistat interpretar\u00e0n peces populars com els pasodobles \u201cGoya\u201d de Juli\u00e1n Palanca y \u201cAgua, Azucarillo y Aguardiente\u201d de Chueca.<\/p>\n<p>Pero tamb\u00e8, al concert de primavera s\u2019interpretar\u00e0 l\u2019obra \u201cQuartum Miliarium\u201d del compositor de Quart de Poblet, Ferrer Ferran, fa refer\u00e8ncia a la pedra miliar que marcava la dist\u00e0ncia de quatre milles romanes des de Valentia, i que va donar nom a la localitat de Quart. En l&#8217;obra de Ferrer Ferran tamb\u00e9 se suggerixen altres fets hist\u00f2rics ocorreguts a Quart, com l&#8217;ajuda que els primers habitants del lloc van donar a l&#8217;ex\u00e8rcit cartagin\u00e9s d&#8217;Ann\u00edbal per poder creuar el riu, la batalla de Quart (1094) entre Rodrigo D\u00edaz de Vivar, el Cid, i els almor\u00e0vits, i la batalla de Sant Onofre (1808), en la qual els habitants de Quart de Poblet es van enfrontar a les tropes napole\u00f2niques.<\/p>\n<p>Tamb\u00e8 s\u2019interpretar\u00e0 el \u201cPoema Sanf\u00e9rmico\u201d, una pe\u00e7a simf\u00f2nica descriptiva sobre les Festes de Sant Ferm\u00ed de Pamplona del compositor Jos\u00e9 Vicente Egea (Cocentaina, 1961). L&#8217;obra va guanyar una menci\u00f3 especial en el concurs de composici\u00f3 organitzat pel Govern de Navarra amb motiu de l&#8217;Any Europeu de la M\u00fasica<\/p>\n<p>&nbsp;<\/p>\n","protected":false},"excerpt":{"rendered":"<p>La Banda Simf\u00f2nica de l\u2019Agrupaci\u00f3 Musical L\u2019Amistat de Quart de Poblet realitza un concert per a donar la benvolguda a la primavera a les 20 hores del proper dissabte 9 d\u2019abril a l\u2019auditori Moli de Vila d\u2019aquesta localitat valenciana.<\/p>\n","protected":false},"author":2,"featured_media":0,"comment_status":"closed","ping_status":"closed","sticky":false,"template":"","format":"standard","meta":{"footnotes":""},"categories":[10],"tags":[],"class_list":["post-1904","post","type-post","status-publish","format-standard","hentry","category-musica-a-la-llum"],"_links":{"self":[{"href":"https:\/\/fsmcv.org\/vl\/wp-json\/wp\/v2\/posts\/1904","targetHints":{"allow":["GET"]}}],"collection":[{"href":"https:\/\/fsmcv.org\/vl\/wp-json\/wp\/v2\/posts"}],"about":[{"href":"https:\/\/fsmcv.org\/vl\/wp-json\/wp\/v2\/types\/post"}],"author":[{"embeddable":true,"href":"https:\/\/fsmcv.org\/vl\/wp-json\/wp\/v2\/users\/2"}],"replies":[{"embeddable":true,"href":"https:\/\/fsmcv.org\/vl\/wp-json\/wp\/v2\/comments?post=1904"}],"version-history":[{"count":0,"href":"https:\/\/fsmcv.org\/vl\/wp-json\/wp\/v2\/posts\/1904\/revisions"}],"wp:attachment":[{"href":"https:\/\/fsmcv.org\/vl\/wp-json\/wp\/v2\/media?parent=1904"}],"wp:term":[{"taxonomy":"category","embeddable":true,"href":"https:\/\/fsmcv.org\/vl\/wp-json\/wp\/v2\/categories?post=1904"},{"taxonomy":"post_tag","embeddable":true,"href":"https:\/\/fsmcv.org\/vl\/wp-json\/wp\/v2\/tags?post=1904"}],"curies":[{"name":"wp","href":"https:\/\/api.w.org\/{rel}","templated":true}]}}