{"id":1934,"date":"2015-03-27T14:23:11","date_gmt":"2015-03-27T13:23:11","guid":{"rendered":"http:\/\/fsmcv.org\/?post_type=fsmcv-noticias&#038;p=1934"},"modified":"2020-09-27T18:19:57","modified_gmt":"2020-09-27T18:19:57","slug":"la-musica-fallera-durant-els-anys-vint-i-trenta","status":"publish","type":"post","link":"https:\/\/fsmcv.org\/vl\/noticies-campanyes\/musica-a-la-llum\/la-musica-fallera-durant-els-anys-vint-i-trenta\/","title":{"rendered":"La m\u00fasica fallera durant els anys vint i trenta"},"content":{"rendered":"<p><span class=\"texto\">Val\u00e8ncia, 27 de mar\u00e7 de 2015.<br \/>\nL&#8217;historiador Frederic Oriola Vell\u00f3 fa en aquest article una an\u00e0lisi de les d\u00e8cades dels anys veinta i trenta del segle XX, que van suposar un moment de transformaci\u00f3 de la festa fallera. L&#8217;article ha sigut publicat en l&#8217;\u00faltim nombre de la revista que publica l&#8217;Associaci\u00f3 d&#8217;Estudis Fallers (AEF).<\/p>\n<p>M\u00e9s informaci\u00f3:<br \/>\n<a href=\"http:\/\/www.fsmcv.org\/news\/REF%202015.pdf\">Article sencer<\/a><br \/>\n<a href=\"http:\/\/elmirallpautat.blogspot.com.es\" target=\"_blank\" rel=\"noopener\">http:\/\/elmirallpautat.blogspot.com.es <\/a><\/span><\/p>\n","protected":false},"excerpt":{"rendered":"<p>Article d&#8217;opini\u00f3 de Frederic Oriola Vell\u00f3<\/p>\n","protected":false},"author":2,"featured_media":0,"comment_status":"closed","ping_status":"closed","sticky":false,"template":"","format":"standard","meta":{"footnotes":""},"categories":[10],"tags":[],"class_list":["post-1934","post","type-post","status-publish","format-standard","hentry","category-musica-a-la-llum"],"_links":{"self":[{"href":"https:\/\/fsmcv.org\/vl\/wp-json\/wp\/v2\/posts\/1934","targetHints":{"allow":["GET"]}}],"collection":[{"href":"https:\/\/fsmcv.org\/vl\/wp-json\/wp\/v2\/posts"}],"about":[{"href":"https:\/\/fsmcv.org\/vl\/wp-json\/wp\/v2\/types\/post"}],"author":[{"embeddable":true,"href":"https:\/\/fsmcv.org\/vl\/wp-json\/wp\/v2\/users\/2"}],"replies":[{"embeddable":true,"href":"https:\/\/fsmcv.org\/vl\/wp-json\/wp\/v2\/comments?post=1934"}],"version-history":[{"count":0,"href":"https:\/\/fsmcv.org\/vl\/wp-json\/wp\/v2\/posts\/1934\/revisions"}],"wp:attachment":[{"href":"https:\/\/fsmcv.org\/vl\/wp-json\/wp\/v2\/media?parent=1934"}],"wp:term":[{"taxonomy":"category","embeddable":true,"href":"https:\/\/fsmcv.org\/vl\/wp-json\/wp\/v2\/categories?post=1934"},{"taxonomy":"post_tag","embeddable":true,"href":"https:\/\/fsmcv.org\/vl\/wp-json\/wp\/v2\/tags?post=1934"}],"curies":[{"name":"wp","href":"https:\/\/api.w.org\/{rel}","templated":true}]}}