{"id":21780,"date":"2011-04-01T19:57:10","date_gmt":"2011-04-01T17:57:10","guid":{"rendered":"https:\/\/fsmcv.org\/temps-de-musics-i-capellans-linflux-del-motu-proprio-tra-le-sollicitudini-a-la-diocesi-de-valencia-1903-1936\/"},"modified":"2020-10-15T20:11:54","modified_gmt":"2020-10-15T18:11:54","slug":"temps-de-musics-i-capellans-linflux-del-motu-proprio-tra-le-sollicitudini-a-la-diocesi-de-valencia-1903-1936","status":"publish","type":"post","link":"https:\/\/fsmcv.org\/vl\/coleccions-bitacora-musical\/temps-de-musics-i-capellans-linflux-del-motu-proprio-tra-le-sollicitudini-a-la-diocesi-de-valencia-1903-1936\/","title":{"rendered":"Temps de m\u00fasics i capellans: l\u2019influx del motu proprio Tra le sollicitudini a la di\u00f2cesi de Val\u00e8ncia (1903-1936)"},"content":{"rendered":"\n<p>Val\u00e8ncia, abril de 2011.<\/p>\n\n\n\n<p>Ara pots descarregar-te gratu\u00eftament el N\u00fam. 2 de la Col\u00b7lecci\u00f3 \u201c<em>Bit\u00e0cola Musical\u201d<\/em>&nbsp;de la FSMCV:<br>Temps de m\u00fasics i capellans: l\u2019influx del motu proprio Tra le sollicitudini a la di\u00f2cesi de Val\u00e8ncia (1903-1936) de Frederic Oriola Vell\u00f3.<\/p>\n\n\n\n<p>El treball \u00e9s la continuaci\u00f3 de la col\u00b7lecci\u00f3 Bit\u00e0cola Musical, que va n\u00e0ixer en 2010 amb l\u2019objectiu de traure a la llum informaci\u00f3 hist\u00f2rica fonamental en el transcurs de la vida de les societats musicals. Temps de M\u00fasics i Capellans, analitza prolixament com repercutir\u00e0 en la di\u00f2cesi de Val\u00e8ncia la promulgaci\u00f3 en 1903 per part del papa Pius X del motu proprio Tra li sollicitudini per a reformar la forma i els usos de la m\u00fasica sagrada. Com es va reformar en la&nbsp;<strong>Universitat Pontif\u00edcia de Val\u00e8ncia<\/strong>&nbsp;la doc\u00e8ncia de la m\u00fasica religiosa dels seminaristes perqu\u00e8 tornara el gregori\u00e0, quines institucions diocesanas es van crear, com es va voler controlar la participaci\u00f3 de les dones en els cors parroquials, o com la mesura va afectar al moviment band\u00edstico valenci\u00e0.<br>El treball, fruit d\u2019una extensa investigaci\u00f3, es complementa amb un ampli annex documental amb textos fruit de la pastoral del magisteri dels diferents arquebisbes valencians, de les decisions de la Comissi\u00f3 diocesana de m\u00fasica sagrada, o dels retors m\u00fasics que es trobaven en actiu en la di\u00f2cesi.<\/p>\n\n\n\n<p><a href=\"http:\/\/fsmcv.org\/wp-content\/uploads\/news\/tempsdemusicsicapellans2014.pdf\">Descarregar llibre<br><\/a><br>M\u00e9s informaci\u00f3:<br><a href=\"http:\/\/elmirallpautat.blogspot.com.es\/p\/temps-de-musics-i-capellans.html\" target=\"_blank\" rel=\"noopener\">http:\/\/elmirallpautat.blogspot.com.es\/p\/temps-de-musics-i-capellans.html<\/a><\/p>\n","protected":false},"excerpt":{"rendered":"<p>Val\u00e8ncia, abril de 2011. Ara pots descarregar-te gratu\u00eftament el N\u00fam. 2 de la Col\u00b7lecci\u00f3 \u201cBit\u00e0cola Musical\u201d&nbsp;de la FSMCV:Temps de m\u00fasics i capellans: l\u2019influx del motu proprio Tra le sollicitudini a la di\u00f2cesi de Val\u00e8ncia (1903-1936) de Frederic Oriola Vell\u00f3. El treball \u00e9s la continuaci\u00f3 de la col\u00b7lecci\u00f3 Bit\u00e0cola Musical, que va n\u00e0ixer en 2010 amb [&hellip;]<\/p>\n","protected":false},"author":1,"featured_media":20047,"comment_status":"open","ping_status":"closed","sticky":false,"template":"","format":"standard","meta":{"footnotes":""},"categories":[74],"tags":[],"class_list":["post-21780","post","type-post","status-publish","format-standard","has-post-thumbnail","hentry","category-coleccions-bitacora-musical"],"_links":{"self":[{"href":"https:\/\/fsmcv.org\/vl\/wp-json\/wp\/v2\/posts\/21780","targetHints":{"allow":["GET"]}}],"collection":[{"href":"https:\/\/fsmcv.org\/vl\/wp-json\/wp\/v2\/posts"}],"about":[{"href":"https:\/\/fsmcv.org\/vl\/wp-json\/wp\/v2\/types\/post"}],"author":[{"embeddable":true,"href":"https:\/\/fsmcv.org\/vl\/wp-json\/wp\/v2\/users\/1"}],"replies":[{"embeddable":true,"href":"https:\/\/fsmcv.org\/vl\/wp-json\/wp\/v2\/comments?post=21780"}],"version-history":[{"count":0,"href":"https:\/\/fsmcv.org\/vl\/wp-json\/wp\/v2\/posts\/21780\/revisions"}],"wp:featuredmedia":[{"embeddable":true,"href":"https:\/\/fsmcv.org\/vl\/wp-json\/wp\/v2\/media\/20047"}],"wp:attachment":[{"href":"https:\/\/fsmcv.org\/vl\/wp-json\/wp\/v2\/media?parent=21780"}],"wp:term":[{"taxonomy":"category","embeddable":true,"href":"https:\/\/fsmcv.org\/vl\/wp-json\/wp\/v2\/categories?post=21780"},{"taxonomy":"post_tag","embeddable":true,"href":"https:\/\/fsmcv.org\/vl\/wp-json\/wp\/v2\/tags?post=21780"}],"curies":[{"name":"wp","href":"https:\/\/api.w.org\/{rel}","templated":true}]}}