{"id":21796,"date":"2020-10-15T20:20:46","date_gmt":"2020-10-15T18:20:46","guid":{"rendered":"https:\/\/fsmcv.org\/las-bandas-de-musica-hacia-el-ano-2000-ponencias-y-conclusiones-del-i-congreso-general-de-sociedades-musicales-de-la-comunidad-valenciana-1991-2\/"},"modified":"2021-03-25T18:29:24","modified_gmt":"2021-03-25T17:29:24","slug":"las-bandas-de-musica-hacia-el-ano-2000-ponencias-y-conclusiones-del-i-congreso-general-de-sociedades-musicales-de-la-comunidad-valenciana-1991-2","status":"publish","type":"post","link":"https:\/\/fsmcv.org\/vl\/projectes\/las-bandas-de-musica-hacia-el-ano-2000-ponencias-y-conclusiones-del-i-congreso-general-de-sociedades-musicales-de-la-comunidad-valenciana-1991-2\/","title":{"rendered":"Les Bandes de M\u00fasica cap a l\u2019any 2000. Ponencies i conclusions del I Congr\u00e9s General de Societats Musicals de la Comunitat Valenciana (1991)"},"content":{"rendered":"\n<p><strong>Coordinador:<\/strong>Vicente Ruiz Monrabal.<br\/><strong>I Congr\u00e9s:<\/strong><br\/>Sessions preparat\u00f2ries: des de X\u00e1tiva (1986) a L\u2019Alf\u00e0s del Pi (1990)<br\/>\u2013 Economia i finan\u00e7ament de les Societats Musicals<br\/>\u2013 Dona i Joventut<br\/>\u2013 Educaci\u00f3, ensenyament i formaci\u00f3 musical<br\/>\u2013 Revisi\u00f3 i modernitzaci\u00f3 d\u2019estructures i funcionament de les Societats Musicals<br\/>\u2013 Festivals musicals i Cert\u00e0mens competitius<br\/>\u2013 Activitats culturals de les Societats Musicals<br\/>\u2013 Sobre els estatuts de la FSMCV i de les SSMM. Legislaci\u00f3 aplicable<\/p>\n\n<p><strong>MOCIONS I COMUNICACIONS:<\/strong><br\/>\u2013 Arrels hist\u00f2riques<br\/>\u2013 Sobre l\u2019entorn social<br\/>\u2013 Sobre Europa<\/p>\n","protected":false},"excerpt":{"rendered":"<p>Coordinador:Vicente Ruiz Monrabal.I Congr\u00e9s:Sessions preparat\u00f2ries: des de X\u00e1tiva (1986) a L\u2019Alf\u00e0s del Pi (1990)\u2013 Economia i finan\u00e7ament de les Societats Musicals\u2013 Dona i Joventut\u2013 Educaci\u00f3, ensenyament i formaci\u00f3 musical\u2013 Revisi\u00f3 i modernitzaci\u00f3 d\u2019estructures i funcionament de les Societats Musicals\u2013 Festivals musicals i Cert\u00e0mens competitius\u2013 Activitats culturals de les Societats Musicals\u2013 Sobre els estatuts de la [&hellip;]<\/p>\n","protected":false},"author":1,"featured_media":0,"comment_status":"closed","ping_status":"closed","sticky":false,"template":"","format":"standard","meta":{"footnotes":""},"categories":[53],"tags":[],"class_list":["post-21796","post","type-post","status-publish","format-standard","hentry","category-proyectos"],"_links":{"self":[{"href":"https:\/\/fsmcv.org\/vl\/wp-json\/wp\/v2\/posts\/21796","targetHints":{"allow":["GET"]}}],"collection":[{"href":"https:\/\/fsmcv.org\/vl\/wp-json\/wp\/v2\/posts"}],"about":[{"href":"https:\/\/fsmcv.org\/vl\/wp-json\/wp\/v2\/types\/post"}],"author":[{"embeddable":true,"href":"https:\/\/fsmcv.org\/vl\/wp-json\/wp\/v2\/users\/1"}],"replies":[{"embeddable":true,"href":"https:\/\/fsmcv.org\/vl\/wp-json\/wp\/v2\/comments?post=21796"}],"version-history":[{"count":0,"href":"https:\/\/fsmcv.org\/vl\/wp-json\/wp\/v2\/posts\/21796\/revisions"}],"wp:attachment":[{"href":"https:\/\/fsmcv.org\/vl\/wp-json\/wp\/v2\/media?parent=21796"}],"wp:term":[{"taxonomy":"category","embeddable":true,"href":"https:\/\/fsmcv.org\/vl\/wp-json\/wp\/v2\/categories?post=21796"},{"taxonomy":"post_tag","embeddable":true,"href":"https:\/\/fsmcv.org\/vl\/wp-json\/wp\/v2\/tags?post=21796"}],"curies":[{"name":"wp","href":"https:\/\/api.w.org\/{rel}","templated":true}]}}