{"id":21828,"date":"2020-10-15T20:56:11","date_gmt":"2020-10-15T18:56:11","guid":{"rendered":"https:\/\/fsmcv.org\/41-asamblea-general-fsmcv-2009\/"},"modified":"2021-03-25T18:26:37","modified_gmt":"2021-03-25T17:26:37","slug":"41-asamblea-general-fsmcv-2009","status":"publish","type":"post","link":"https:\/\/fsmcv.org\/vl\/assemblees-generals\/41-asamblea-general-fsmcv-2009\/","title":{"rendered":"41 Assemblea General FSMCV 2009"},"content":{"rendered":"\n<p><strong>Informacions i documentaci\u00f3 de la 41 Assemblea General de la FSMCV.<\/strong><br\/><a href=\"http:\/\/fsmcv.org\/wp-content\/uploads\/news\/\/balance%20ej%202008%20fsmcv.pdf\">Balan\u00e7 FSMCV 2008<\/a><br\/><a href=\"http:\/\/fsmcv.org\/wp-content\/uploads\/news\/ctartdosej2008fsmcv.pdf\">Compte resultats FSMCV 2008<\/a><br\/><a href=\"http:\/\/fsmcv.org\/wp-content\/uploads\/news\/ejecpstoeneroasept2009fsmcv.pdf\">Execuci\u00f3 pressupost FSMCV gener-agost 2009<\/a><br\/><a href=\"http:\/\/www.fsmcv.org\/news\/ejecucion%20presupuesto%20ej%202008%20fsmcv.pdf\">Execuci\u00f3 pressupost FSMCV gener-desembre 2008<\/a><a href=\"http:\/\/fsmcv.org\/wp-content\/uploads\/news\/notas%20ppto%202008.doc\">Notes a l\u2019execuci\u00f3 pressupost exercici 2008<\/a> <a href=\"http:\/\/fsmcv.org\/wp-content\/uploads\/news\/notas%20balance%202008.doc\">Notes al balan\u00e7 i compte resultats exercici 2008<\/a> <a href=\"http:\/\/fsmcv.org\/wp-content\/uploads\/news\/notas%20ppto%202010.doc\">Notes al pressupost exercici 2010<\/a><\/p>\n\n<p><a href=\"http:\/\/fsmcv.org\/wp-content\/uploads\/news\/presupuesto%202010%20fsmcv%20.pdf\">Pressupost FSMCV 2010<\/a><\/p>\n\n<p><strong>Documents aprovats<\/strong>:<br\/><a href=\"http:\/\/fsmcv.org\/wp-content\/uploads\/news\/reglamento%20de%20certamenes.pdf\">Nou Reglament de Cert\u00e0mens<\/a><br\/><a href=\"http:\/\/fsmcv.org\/wp-content\/uploads\/news\/reglamento%20personas%20relacionadas%20con%20la%20fsmcv.pdf\">Nou Reglament de Persones Relacionades amb la Federaci\u00f3<\/a><br\/><a href=\"http:\/\/fsmcv.org\/wp-content\/uploads\/news\/ficha%20alta%2018-01-10.pdf\">Nova fitxa d\u2019alta.<\/a> <a href=\"http:\/\/www.fsmcv.org\/news\/instrucciones.pdf\">(Instruccions<\/a> per a omplir-la)<br\/><a href=\"http:\/\/fsmcv.org\/wp-content\/uploads\/news\/solicitudpermisoformacion_v3.pdf\">Perm\u00eds de formaci\u00f3<\/a><br\/><a href=\"http:\/\/fsmcv.org\/wp-content\/uploads\/news\/reglamentos.doc\">Explicaci\u00f3 nous reglaments<\/a><\/p>\n\n<p><strong>Conclusions Pon\u00e8ncies:<\/strong><br\/><a href=\"http:\/\/fsmcv.org\/wp-content\/uploads\/news\/ponenciadirectores.doc\">Direcci\u00f3<\/a><br\/><a href=\"http:\/\/fsmcv.org\/wp-content\/uploads\/news\/ponenciarxius.doc\">Arxius de les societats musicals<\/a><br\/><a href=\"http:\/\/fsmcv.org\/wp-content\/uploads\/news\/ponenciacatalogo.doc\">Cat\u00e0leg de servicis de la FSMCV:<\/a><br\/><a href=\"http:\/\/fsmcv.org\/wp-content\/uploads\/news\/servicios%20part%201.pdf\">Part 1<\/a>\u2013 <a href=\"http:\/\/www.fsmcv.org\/news\/servicios%20part%202.pdf\">Part 2<\/a> \u2013 <a href=\"http:\/\/fsmcv.org\/wp-content\/uploads\/news\/servicios%20part%203.pdf\">Part 3<\/a> \u2013 <a href=\"http:\/\/www.fsmcv.org\/news\/servicios%20part%204.pdf\">Part 4<\/a><\/p>\n\n<p><strong>Poster-comunicaci\u00f3<\/strong>:<br\/><a href=\"http:\/\/fsmcv.org\/wp-content\/uploads\/news\/posterlopd.pdf\">Llei de Protecci\u00f3 de Dades LOPD<\/a><br\/><a href=\"http:\/\/fsmcv.org\/wp-content\/uploads\/news\/posterriesgoslaborales.pdf\">Protecci\u00f3 de Riscos Laborals en les escoles de m\u00fasica<\/a><br\/><a href=\"http:\/\/fsmcv.org\/wp-content\/uploads\/news\/poster%201%20pe.pdf\">Projectes europeus1 <\/a> <a href=\"http:\/\/www.fsmcv.org\/news\/poster%202%20pe.pdf\">2<\/a> <a href=\"http:\/\/fsmcv.org\/wp-content\/uploads\/news\/poster%203%20pe.pdf\">3<\/a> <a href=\"http:\/\/www.fsmcv.org\/news\/poster%204%20pe.pdf\">4<\/a> <a href=\"http:\/\/fsmcv.org\/wp-content\/uploads\/news\/poster%205%20pe.pdf\">5<\/a> <a href=\"http:\/\/www.fsmcv.org\/news\/poster%206%20pe.pdf\">6<\/a><br\/><a href=\"http:\/\/fsmcv.org\/wp-content\/uploads\/news\/posterbic.pdf\">Projecte BIC<\/a><\/p>\n","protected":false},"excerpt":{"rendered":"<p>Informacions i documentaci\u00f3 de la 41 Assemblea General de la FSMCV.Balan\u00e7 FSMCV 2008Compte resultats FSMCV 2008Execuci\u00f3 pressupost FSMCV gener-agost 2009Execuci\u00f3 pressupost FSMCV gener-desembre 2008Notes a l\u2019execuci\u00f3 pressupost exercici 2008 Notes al balan\u00e7 i compte resultats exercici 2008 Notes al pressupost exercici 2010 Pressupost FSMCV 2010 Documents aprovats:Nou Reglament de Cert\u00e0mensNou Reglament de Persones Relacionades amb [&hellip;]<\/p>\n","protected":false},"author":1,"featured_media":0,"comment_status":"open","ping_status":"closed","sticky":false,"template":"","format":"standard","meta":{"footnotes":""},"categories":[168],"tags":[],"class_list":["post-21828","post","type-post","status-publish","format-standard","hentry","category-assemblees-generals"],"_links":{"self":[{"href":"https:\/\/fsmcv.org\/vl\/wp-json\/wp\/v2\/posts\/21828","targetHints":{"allow":["GET"]}}],"collection":[{"href":"https:\/\/fsmcv.org\/vl\/wp-json\/wp\/v2\/posts"}],"about":[{"href":"https:\/\/fsmcv.org\/vl\/wp-json\/wp\/v2\/types\/post"}],"author":[{"embeddable":true,"href":"https:\/\/fsmcv.org\/vl\/wp-json\/wp\/v2\/users\/1"}],"replies":[{"embeddable":true,"href":"https:\/\/fsmcv.org\/vl\/wp-json\/wp\/v2\/comments?post=21828"}],"version-history":[{"count":0,"href":"https:\/\/fsmcv.org\/vl\/wp-json\/wp\/v2\/posts\/21828\/revisions"}],"wp:attachment":[{"href":"https:\/\/fsmcv.org\/vl\/wp-json\/wp\/v2\/media?parent=21828"}],"wp:term":[{"taxonomy":"category","embeddable":true,"href":"https:\/\/fsmcv.org\/vl\/wp-json\/wp\/v2\/categories?post=21828"},{"taxonomy":"post_tag","embeddable":true,"href":"https:\/\/fsmcv.org\/vl\/wp-json\/wp\/v2\/tags?post=21828"}],"curies":[{"name":"wp","href":"https:\/\/api.w.org\/{rel}","templated":true}]}}