{"id":21835,"date":"2020-10-15T21:06:15","date_gmt":"2020-10-15T19:06:15","guid":{"rendered":"https:\/\/fsmcv.org\/la-fsmcv-y-la-entidad-de-gestion-de-derechos-de-los-artistas-interpretes-y-ejecutantes-aie-inician-sus-relaciones-institucionales-2\/"},"modified":"2020-10-15T21:11:09","modified_gmt":"2020-10-15T19:11:09","slug":"la-fsmcv-y-la-entidad-de-gestion-de-derechos-de-los-artistas-interpretes-y-ejecutantes-aie-inician-sus-relaciones-institucionales-2","status":"publish","type":"post","link":"https:\/\/fsmcv.org\/vl\/certamens\/la-fsmcv-y-la-entidad-de-gestion-de-derechos-de-los-artistas-interpretes-y-ejecutantes-aie-inician-sus-relaciones-institucionales-2\/","title":{"rendered":"La FSMCV i l\u2019entitat de gesti\u00f3 de drets dels Artistes, Int\u00e8rprets i Executants (AIE) inicien les seues relacions institucionals"},"content":{"rendered":"\n<p>AIE \u00e9s l\u2019entitat encarregada de la gesti\u00f3 col\u00b7lectiva dels drets de propietat intel\u00b7lectual que corresponen als m\u00fasics i que juntament amb AGEDI, que recapta els drets dels productors discogr\u00e0fics, recapta a trav\u00e9s d\u2019un organisme conjunt els c\u00e0nons corresponents per la utilitzaci\u00f3 de la nostra m\u00fasica.<\/p>\n\n<p>Aquesta \u00e9s una aposta m\u00e9s per part de la FSMCV d\u2019acostar postures amb totes les entitats de gesti\u00f3 de drets que tenen incid\u00e8ncia en el quefer musical diari del nostre col\u00b7lectiu.<\/p>\n\n<p>El seminari va abordar temes d\u2019import\u00e0ncia com la recaptaci\u00f3 per C\u00f2pia Privada aix\u00ed com la introducci\u00f3 en el nostre ordenament jur\u00eddic de la Directiva del Parlament Europeu i del Consell sobre els drets d\u2019autor en el mercat \u00fanic digital.<\/p>\n\n<p>La FSMCV segueix donant visibilitat i pres\u00e8ncia en les entitats de gesti\u00f3 amb la finalitat de millorar el posicionament del nostre col\u00b7lectiu dins de la gesti\u00f3 de drets de propietat intel\u00b7lectual.<\/p>\n\n<p>Els responsables d\u2019AIE van comentar la possibilitat d\u2019en pr\u00f2ximes dates organitzar en col\u00b7laboraci\u00f3 amb la FSMCV una jornada a Val\u00e8ncia per a debatre q\u00fcestions importants que afecten al futur dels m\u00fasics en la seua consideraci\u00f3 d\u2019artistes.<\/p>\n\n<h3 class=\"wp-block-heading\">Sobre el segell discogr\u00e0fic de la FSMCV<\/h3>\n\n<p>El segell <strong>FSMCV PRODUCCIONS,<\/strong>que es troba a la disposici\u00f3 de totes les societats musicals federades, serveix d\u2019instrument idoni per a la publicaci\u00f3 i millor divulgaci\u00f3 de les interpretacions registrades en qualsevol suport de totes aquelles agrupacions musicals que componen el seu col\u00b7lectiu, amb la fi \u00faltima de potenciar i promocionar l\u2019important patrimoni cultural sorgit en el si de les mateixes i, en particular, contribuir a una adequada gesti\u00f3, administraci\u00f3 i conservaci\u00f3 del seu repertori interpretatiu, incloent la protecci\u00f3 i gesti\u00f3 dels drets de propietat intel\u00b7lectual que es deriven en la seua explotaci\u00f3 prim\u00e0ria i secund\u00e0ria, tant anal\u00f2gica com a digital.<\/p>\n\n<figure class=\"wp-block-image size-large\"><img fetchpriority=\"high\" decoding=\"async\" width=\"400\" height=\"262\" src=\"https:\/\/fsmcv.org\/wp-content\/uploads\/2020\/10\/FSMCV-Produccions.jpg\" alt=\"\" class=\"wp-image-20071\" title=\"\"><\/figure>\n<p>S\u00f3n ja v\u00e0ries les societats musicals que ho han utilitzat en els seus enregistraments, obtenint amb a\u00e7\u00f2 nous ingressos procedents dels drets de propietat intel\u00b7lectual dels seus CD\u2019s i DVD\u2019s, sota la gesti\u00f3 dels serveis de la FSMCV. A m\u00e9s, com a novetat del servei s\u2019ha conveniat amb els estudis d\u2019enregistrament de major implantaci\u00f3 amb la finalitat de col\u00b7laborar en els projectes fonogr\u00e0fics sorgits en el nostre col\u00b7lectiu.<\/p>\n\n<p>Per a una major divulgaci\u00f3 de la vostra m\u00fasica no dubteu a contactar amb els serveis de propietat intel\u00b7lectual, a trav\u00e9s del correu electr\u00f2nic: <a href=\"mailto:p.intelectual@fsmcv.org\" target=\"_blank\" rel=\"noreferrer noopener\">p.intelectual@fsmcv.org.<\/a> La FSMCV arreplegar\u00e0 sota el seu segell discogr\u00e0fic l\u2019edici\u00f3 i legalitzaci\u00f3 del CD, i s\u2019encarregar\u00e0 de donar-ho d\u2019alta en el registre d\u2019AGEDI a l\u2019efecte d\u2019una adequada gesti\u00f3 dels drets.<\/p>\n\n<hr class=\"wp-block-separator\"\/>\n\n<p>Fotografia: Ximo Soler i Carla Gomis al costat de Javier Cubedo i Nacho Garc\u00eda Vega (de Nacha Pop), membres del Consell de Administraci\u00f3 d\u2019AIE.<\/p>\n","protected":false},"excerpt":{"rendered":"<p>AIE \u00e9s l\u2019entitat encarregada de la gesti\u00f3 col\u00b7lectiva dels drets de propietat intel\u00b7lectual que corresponen als m\u00fasics i que juntament amb AGEDI, que recapta els drets dels productors discogr\u00e0fics, recapta a trav\u00e9s d\u2019un organisme conjunt els c\u00e0nons corresponents per la utilitzaci\u00f3 de la nostra m\u00fasica. Aquesta \u00e9s una aposta m\u00e9s per part de la FSMCV [&hellip;]<\/p>\n","protected":false},"author":1,"featured_media":0,"comment_status":"open","ping_status":"closed","sticky":false,"template":"","format":"standard","meta":{"footnotes":""},"categories":[],"tags":[],"class_list":["post-21835","post","type-post","status-publish","format-standard","hentry"],"_links":{"self":[{"href":"https:\/\/fsmcv.org\/vl\/wp-json\/wp\/v2\/posts\/21835","targetHints":{"allow":["GET"]}}],"collection":[{"href":"https:\/\/fsmcv.org\/vl\/wp-json\/wp\/v2\/posts"}],"about":[{"href":"https:\/\/fsmcv.org\/vl\/wp-json\/wp\/v2\/types\/post"}],"author":[{"embeddable":true,"href":"https:\/\/fsmcv.org\/vl\/wp-json\/wp\/v2\/users\/1"}],"replies":[{"embeddable":true,"href":"https:\/\/fsmcv.org\/vl\/wp-json\/wp\/v2\/comments?post=21835"}],"version-history":[{"count":0,"href":"https:\/\/fsmcv.org\/vl\/wp-json\/wp\/v2\/posts\/21835\/revisions"}],"wp:attachment":[{"href":"https:\/\/fsmcv.org\/vl\/wp-json\/wp\/v2\/media?parent=21835"}],"wp:term":[{"taxonomy":"category","embeddable":true,"href":"https:\/\/fsmcv.org\/vl\/wp-json\/wp\/v2\/categories?post=21835"},{"taxonomy":"post_tag","embeddable":true,"href":"https:\/\/fsmcv.org\/vl\/wp-json\/wp\/v2\/tags?post=21835"}],"curies":[{"name":"wp","href":"https:\/\/api.w.org\/{rel}","templated":true}]}}