{"id":21939,"date":"2020-10-18T09:52:46","date_gmt":"2020-10-18T07:52:46","guid":{"rendered":"https:\/\/fsmcv.org\/actos-40-aniversario-fsmcv\/"},"modified":"2021-09-30T10:25:44","modified_gmt":"2021-09-30T08:25:44","slug":"actos-40-aniversario-fsmcv","status":"publish","type":"post","link":"https:\/\/fsmcv.org\/vl\/certamens\/actos-40-aniversario-fsmcv\/","title":{"rendered":"Actos 40 Aniversario FSMCV"},"content":{"rendered":"\n<p>La FSMCV naci\u00f3 en 1968. Desde 2008 se est\u00e1 desarrollando un amplio abanico de actividades conmemorativas.<\/p>\n\n\n\n<p><a href=\"http:\/\/www.fsmcv.org\/page.asp?op1=1&amp;op2=&amp;Id=4671\">INAUGURACI\u00d3N 40 ANIVERSARIO.<br>CONCIERTO BANDA FEDERAL EN EL AUDITORIO DE PE\u00d1\u00cdSCOLA.<\/a>&nbsp;18 de mayo de 2008.<\/p>\n\n\n\n<p><a href=\"http:\/\/www.fsmcv.org\/page.asp?op1=1&amp;op2=&amp;Id=5369\">CONCURSO INTERNACIONAL DE COMPOSICI\u00d3N PARA BANDA SINF\u00d3NICA Y CORO<\/a><\/p>\n\n\n\n<p><a href=\"http:\/\/www.fsmcv.org\/page.asp?op1=1&amp;op2=&amp;Id=5444\">IX GALA DE LA M\u00daSICA VALENCIANA.<\/a>&nbsp;28 de julio de 2008.<\/p>\n\n\n\n<p><a href=\"http:\/\/www.fsmcv.org\/page.asp?op1=1&amp;op2=&amp;Id=5546\">ASAMBLEA GENERAL DE LA FSMCV.<\/a>&nbsp;Altea, 4 y 5 de octubre de 2008.<\/p>\n\n\n\n<p><a href=\"http:\/\/www.fsmcv.org\/page.asp?op1=1&amp;op2=&amp;Id=5623\">LEVANTE-EMV E INFORMACI\u00d3N DE ALICANTE PUBLICAN UN SUPLEMENTO ESPECIAL SOBRE EL 40 ANIVERSARIO DE LA FSMCV<\/a><\/p>\n\n\n\n<p><a href=\"http:\/\/www.fsmcv.org\/page.asp?op1=1&amp;op2=&amp;Id=5746\">CONCIERTO DE LA BANDA FEDERAL EN EL AUDITORIO DE CASTELL\u00d3N.&nbsp;<\/a>Castell\u00f3n, 18 de enero de 2009.<\/p>\n\n\n\n<p><a href=\"http:\/\/www.fsmcv.org\/page.asp?op1=1&amp;op2=&amp;Id=5852\">LA BANDA FEDERAL Y EL 40 ANIVERSARIO, PROTAGONISTAS EN LAS PROVINCIAS TV<\/a><\/p>\n\n\n\n<p><a href=\"http:\/\/www.fsmcv.org\/page.asp?op1=1&amp;op2=&amp;Id=5832\">JOS\u00c9 VICENTE FUENTES CASTILLA GANA EL CONCURSO DE COMPOSICI\u00d3N DE LA FSMCV<\/a><\/p>\n\n\n\n<p><a href=\"http:\/\/www.fsmcv.org\/page.asp?op1=1&amp;op2=&amp;Id=6047\">LA BANDA FEDERAL GRABA UN CD CON OBRAS DE GUSTAVO PASCUAL<\/a>. Navajas, 16 de abril de 2009.<\/p>\n\n\n\n<p><a href=\"http:\/\/www.fsmcv.org\/page.asp?op1=1&amp;op2=&amp;Id=6067\">LA BANDA FEDERAL OFRECE UN CONCIERTO EN EL GRAN TEATRO DE X\u00c0TIVA&nbsp;<\/a>X\u00e0tiva, 24 de abril de 2009.<\/p>\n\n\n\n<p><a href=\"http:\/\/www.fsmcv.org\/page.asp?op1=1&amp;op2=&amp;Id=6101\">EL TEATRO CALDER\u00d3N DE ALCOI RECIBE A LA BANDA FEDERAL<\/a>&nbsp;Alcoi, 9 de mayo de 2009.<\/p>\n","protected":false},"excerpt":{"rendered":"<p>La FSMCV naci\u00f3 en 1968. Desde 2008 se est\u00e1 desarrollando un amplio abanico de actividades conmemorativas. INAUGURACI\u00d3N 40 ANIVERSARIO.CONCIERTO BANDA FEDERAL EN EL AUDITORIO DE PE\u00d1\u00cdSCOLA.&nbsp;18 de mayo de 2008. CONCURSO INTERNACIONAL DE COMPOSICI\u00d3N PARA BANDA SINF\u00d3NICA Y CORO IX GALA DE LA M\u00daSICA VALENCIANA.&nbsp;28 de julio de 2008. ASAMBLEA GENERAL DE LA FSMCV.&nbsp;Altea, 4 [&hellip;]<\/p>\n","protected":false},"author":1,"featured_media":38528,"comment_status":"open","ping_status":"closed","sticky":false,"template":"","format":"standard","meta":{"footnotes":""},"categories":[234],"tags":[],"class_list":["post-21939","post","type-post","status-publish","format-standard","has-post-thumbnail","hentry","category-certamens"],"_links":{"self":[{"href":"https:\/\/fsmcv.org\/vl\/wp-json\/wp\/v2\/posts\/21939","targetHints":{"allow":["GET"]}}],"collection":[{"href":"https:\/\/fsmcv.org\/vl\/wp-json\/wp\/v2\/posts"}],"about":[{"href":"https:\/\/fsmcv.org\/vl\/wp-json\/wp\/v2\/types\/post"}],"author":[{"embeddable":true,"href":"https:\/\/fsmcv.org\/vl\/wp-json\/wp\/v2\/users\/1"}],"replies":[{"embeddable":true,"href":"https:\/\/fsmcv.org\/vl\/wp-json\/wp\/v2\/comments?post=21939"}],"version-history":[{"count":0,"href":"https:\/\/fsmcv.org\/vl\/wp-json\/wp\/v2\/posts\/21939\/revisions"}],"wp:featuredmedia":[{"embeddable":true,"href":"https:\/\/fsmcv.org\/vl\/wp-json\/wp\/v2\/media\/38528"}],"wp:attachment":[{"href":"https:\/\/fsmcv.org\/vl\/wp-json\/wp\/v2\/media?parent=21939"}],"wp:term":[{"taxonomy":"category","embeddable":true,"href":"https:\/\/fsmcv.org\/vl\/wp-json\/wp\/v2\/categories?post=21939"},{"taxonomy":"post_tag","embeddable":true,"href":"https:\/\/fsmcv.org\/vl\/wp-json\/wp\/v2\/tags?post=21939"}],"curies":[{"name":"wp","href":"https:\/\/api.w.org\/{rel}","templated":true}]}}