{"id":21942,"date":"2020-10-18T09:59:44","date_gmt":"2020-10-18T07:59:44","guid":{"rendered":"https:\/\/fsmcv.org\/proyecto-p-07-06-gala-de-la-musica-2007\/"},"modified":"2020-10-18T10:02:30","modified_gmt":"2020-10-18T08:02:30","slug":"proyecto-p-07-06-gala-de-la-musica-2007","status":"publish","type":"post","link":"https:\/\/fsmcv.org\/vl\/projectes\/proyecto-p-07-06-gala-de-la-musica-2007\/","title":{"rendered":"Projecte P-07\/06: Gala de la M\u00fasica 2007"},"content":{"rendered":"\n<p>Organitzar la VIII GALA DE LA M\u00daSICA i els Premis Euterpe del 2007 com a esdeveniment social de reconeixement a la labor d\u2019entitats I persones en favor de la m\u00fasica valenciana.<\/p>\n\n<p><a href=\"http:\/\/fsmcv.org\/wp-content\/uploads\/news\/basespremioseuterpe07.pdf\">Bases Premis Euterpe 2007.<\/a><\/p>\n\n<p><a href=\"http:\/\/fsmcv.org\/wp-content\/uploads\/news\/anexospremioseuterpe2007.pdf\">Annexes Premis Euterpe 2007.<\/a><\/p>\n\n<p><a href=\"http:\/\/fsmcv.org\/wp-content\/uploads\/news\/librito_euterpe_ok2.pdf\">Cat\u00e0leg<\/a> Premios Euterpe 2007.<\/p>\n\n<p>Not\u00edcia: <a href=\"http:\/\/www.fsmcv.org\/page.asp?op1=1&amp;Id=38\">La Federaci\u00f3 va entregar els Premis Euterpe 2007.<\/a><\/p>\n","protected":false},"excerpt":{"rendered":"<p>Organitzar la VIII GALA DE LA M\u00daSICA i els Premis Euterpe del 2007 com a esdeveniment social de reconeixement a la labor d\u2019entitats I persones en favor de la m\u00fasica valenciana. Bases Premis Euterpe 2007. Annexes Premis Euterpe 2007. Cat\u00e0leg Premios Euterpe 2007. Not\u00edcia: La Federaci\u00f3 va entregar els Premis Euterpe 2007.<\/p>\n","protected":false},"author":1,"featured_media":38400,"comment_status":"open","ping_status":"closed","sticky":false,"template":"","format":"standard","meta":{"footnotes":""},"categories":[57],"tags":[],"class_list":["post-21942","post","type-post","status-publish","format-standard","has-post-thumbnail","hentry","category-projectes"],"_links":{"self":[{"href":"https:\/\/fsmcv.org\/vl\/wp-json\/wp\/v2\/posts\/21942","targetHints":{"allow":["GET"]}}],"collection":[{"href":"https:\/\/fsmcv.org\/vl\/wp-json\/wp\/v2\/posts"}],"about":[{"href":"https:\/\/fsmcv.org\/vl\/wp-json\/wp\/v2\/types\/post"}],"author":[{"embeddable":true,"href":"https:\/\/fsmcv.org\/vl\/wp-json\/wp\/v2\/users\/1"}],"replies":[{"embeddable":true,"href":"https:\/\/fsmcv.org\/vl\/wp-json\/wp\/v2\/comments?post=21942"}],"version-history":[{"count":0,"href":"https:\/\/fsmcv.org\/vl\/wp-json\/wp\/v2\/posts\/21942\/revisions"}],"wp:featuredmedia":[{"embeddable":true,"href":"https:\/\/fsmcv.org\/vl\/wp-json\/wp\/v2\/media\/38400"}],"wp:attachment":[{"href":"https:\/\/fsmcv.org\/vl\/wp-json\/wp\/v2\/media?parent=21942"}],"wp:term":[{"taxonomy":"category","embeddable":true,"href":"https:\/\/fsmcv.org\/vl\/wp-json\/wp\/v2\/categories?post=21942"},{"taxonomy":"post_tag","embeddable":true,"href":"https:\/\/fsmcv.org\/vl\/wp-json\/wp\/v2\/tags?post=21942"}],"curies":[{"name":"wp","href":"https:\/\/api.w.org\/{rel}","templated":true}]}}