{"id":21958,"date":"2020-10-18T10:39:01","date_gmt":"2020-10-18T08:39:01","guid":{"rendered":"https:\/\/fsmcv.org\/campana-600x600-ii-convocatoria\/"},"modified":"2020-10-18T10:47:28","modified_gmt":"2020-10-18T08:47:28","slug":"campana-600x600-ii-convocatoria","status":"publish","type":"post","link":"https:\/\/fsmcv.org\/vl\/certamens\/campana-600x600-ii-convocatoria\/","title":{"rendered":"Campanya 600\u00d7600 \u2013 II Convocat\u00f2ria"},"content":{"rendered":"\n<p><strong><u>A\/A. SOCIETATS MUSICALS FEDERADES DE LA COMUNITAT VALENCIANA<\/u><\/strong><\/p>\n\n<p>Atenent les indicacions del President de la Federaci\u00f3 de Societats Musicals de la Comunitat Valenciana (FSMCV), els informem de la publicaci\u00f3 de la segona convocat\u00f2ria de la campanya institucional \u201c<strong><em>Al voltant de la m\u00fasica, l\u2019esperit d\u2019un poble. 600 anys. Tots a una veu<\/em><\/strong>organitzada per la Generalitat Valenciana, en col\u00b7laboraci\u00f3 amb la FSMCV.<strong> <u>Adjunt es remeten les Bases.<\/u><\/strong><\/p>\n\n<p>Es tracta d\u2019una campanya que commemora els 600 anys de la Generalitat Valenciana mitjan\u00e7ant 600 concerts que seran retribu\u00efts amb 600 euros.<\/p>\n\n<p>La present convocat\u00f2ria t\u00e9 com a finalitat assignar <strong>86<\/strong><strong>concerts<\/strong>que van quedar deserts en la primera convocat\u00f2ria.<\/p>\n\n<p>Totes les Societats Musicals federades poden sol\u00b7licitar la realitzaci\u00f3 del concert <strong>fins al<\/strong><strong>pr\u00f2xim<\/strong><strong>5<\/strong><strong>de<\/strong> j<strong>uliol<\/strong>. Una vegada acabat el termini s\u2019assignaran els 86 concerts prenent com a refer\u00e8ncia el barem indicat en les Bases.<\/p>\n\n<p>Esperem la vostra participaci\u00f3.<\/p>\n\n<p>Salutacions cordials.<\/p>\n\n<p><a href=\"https:\/\/fsmcv.org\/BTnet-storage\/bases-600x600\/2c\/Anexo-I_Modelo-de-domiciliacion-bancaria-castellano.pdf\" target=\"_blank\" rel=\"noreferrer noopener\">Anexo I. Modelo de domiciliaci\u00f3n bancaria.<\/a><\/p>\n\n<p><a href=\"https:\/\/fsmcv.org\/BTnet-storage\/bases-600x600\/2c\/Bases-600x600-II-Convocatoria-CAS.pdf\" target=\"_blank\" rel=\"noreferrer noopener\">Bases 600\u00d7600 II Convocat\u00f2ria.<\/a><\/p>\n\n<p><a href=\"https:\/\/fsmcv.org\/BTnet-storage\/bases-600x600\/2c\/Circular-II-Convocatoria-CAS.pdf\" target=\"_blank\" rel=\"noreferrer noopener\">Circular II Convocat\u00f2ria.<\/a><\/p>\n","protected":false},"excerpt":{"rendered":"<p>A\/A. SOCIETATS MUSICALS FEDERADES DE LA COMUNITAT VALENCIANA Atenent les indicacions del President de la Federaci\u00f3 de Societats Musicals de la Comunitat Valenciana (FSMCV), els informem de la publicaci\u00f3 de la segona convocat\u00f2ria de la campanya institucional \u201cAl voltant de la m\u00fasica, l\u2019esperit d\u2019un poble. 600 anys. Tots a una veuorganitzada per la Generalitat Valenciana, [&hellip;]<\/p>\n","protected":false},"author":1,"featured_media":38398,"comment_status":"open","ping_status":"closed","sticky":false,"template":"","format":"standard","meta":{"footnotes":""},"categories":[],"tags":[],"class_list":["post-21958","post","type-post","status-publish","format-standard","has-post-thumbnail","hentry"],"_links":{"self":[{"href":"https:\/\/fsmcv.org\/vl\/wp-json\/wp\/v2\/posts\/21958","targetHints":{"allow":["GET"]}}],"collection":[{"href":"https:\/\/fsmcv.org\/vl\/wp-json\/wp\/v2\/posts"}],"about":[{"href":"https:\/\/fsmcv.org\/vl\/wp-json\/wp\/v2\/types\/post"}],"author":[{"embeddable":true,"href":"https:\/\/fsmcv.org\/vl\/wp-json\/wp\/v2\/users\/1"}],"replies":[{"embeddable":true,"href":"https:\/\/fsmcv.org\/vl\/wp-json\/wp\/v2\/comments?post=21958"}],"version-history":[{"count":0,"href":"https:\/\/fsmcv.org\/vl\/wp-json\/wp\/v2\/posts\/21958\/revisions"}],"wp:featuredmedia":[{"embeddable":true,"href":"https:\/\/fsmcv.org\/vl\/wp-json\/wp\/v2\/media\/38398"}],"wp:attachment":[{"href":"https:\/\/fsmcv.org\/vl\/wp-json\/wp\/v2\/media?parent=21958"}],"wp:term":[{"taxonomy":"category","embeddable":true,"href":"https:\/\/fsmcv.org\/vl\/wp-json\/wp\/v2\/categories?post=21958"},{"taxonomy":"post_tag","embeddable":true,"href":"https:\/\/fsmcv.org\/vl\/wp-json\/wp\/v2\/tags?post=21958"}],"curies":[{"name":"wp","href":"https:\/\/api.w.org\/{rel}","templated":true}]}}