{"id":2199,"date":"2016-09-25T16:52:50","date_gmt":"2016-09-25T14:52:50","guid":{"rendered":"http:\/\/fsmcv.org\/?post_type=fsmcv-noticias&#038;p=2199"},"modified":"2020-09-27T18:20:22","modified_gmt":"2020-09-27T18:20:22","slug":"gran-concert-de-la-gran-banda-juvenil-bankia-las-provincias","status":"publish","type":"post","link":"https:\/\/fsmcv.org\/vl\/noticies-campanyes\/musica-a-la-llum\/gran-concert-de-la-gran-banda-juvenil-bankia-las-provincias\/","title":{"rendered":"Gran concert de la Gran Banda Juvenil Bankia-Las Provincias"},"content":{"rendered":"<p><span class=\"texto\">Els nostres xicotets m\u00fasics de les societats musicals de la Comunitat Valenciana van demostrar ahir en el Palau de la M\u00fasica de Val\u00e8ncia que les nostres escoles de m\u00fasica tenen molt bona salut.<\/span><\/p>\n<p><strong>La Gran Banda Juvenil <span class=\"hiddenSpellError\">Bankia<\/span>&#8211;<span class=\"hiddenGrammarError\">Las<\/span> <span class=\"hiddenSpellError\">Provincias<\/span>, composta per 153 xiquets d&#8217;entre 10 i 14 anys, escollits entre m\u00e9s de 400 pertanyents a les escoles de m\u00fasica federades, van al\u00e7ar al p\u00fablic assistent dels seus seients.<\/strong> Els aplaudiments, plens d&#8217;emoci\u00f3 i entusiasme, van constatar que a la Comunitat Valenciana hi ha molt futur en la m\u00fasica, i de qualitat.<\/p>\n<p>Aix\u00ed ho va manifestar Pedro Rodr\u00edguez, president de la <span class=\"hiddenSpellError\">FSMCV<\/span>, que va agrair &#8220;tant a les Prov\u00edncies com a <span class=\"hiddenSpellError\">Bankia<\/span> donar continu\u00eftat a un projecte de gran valor tan educatiu com hum\u00e0, que va sorgir el passat 2015 amb motiu del 150 aniversari de l&#8217;emblem\u00e0tic peri\u00f2dic. A m\u00e9s de servir per a incrementar el nivell musical de les generacions esdevenidores en aquesta mat\u00e8ria art\u00edstica. Vull recordar que <strong>la <span class=\"hiddenSpellError\">FSMCV<\/span> aglutina m\u00e9s de 40.000 m\u00fasics, 60.000 estudiants, 200.000 socis al costat de m\u00e9s d&#8217;1.000.000 de seguidors que donen treball a prop de 4.000 professors lliurats amb la m\u00fasica<\/strong> i el que implica per a una regi\u00f3 tan vinculada a aquesta branca de la cultura i que seguir\u00e0 lluitant per la seua continu\u00eftat&#8221;.<\/p>\n<p>El director de les Prov\u00edncies, <span class=\"hiddenSpellError\">Juli\u00e1n<\/span> <span class=\"hiddenSpellError\">Quir\u00f3s<\/span>, va reiterar que els peri\u00f2dics no solament serveixen per a donar les not\u00edcies del dia, &#8220;serveixen tamb\u00e9 per a trobar tresors o ajuntar-los. Com els que es troben en l&#8217;escenari&#8221;. Aix\u00ed mateix <span class=\"hiddenSpellError\">Miguel<\/span> Capdevila, director corporatiu territorial de Val\u00e8ncia i Castell\u00f3 de <span class=\"hiddenSpellError\">Bankia<\/span> va assegurar que &#8220;\u00e9s emocionant compartir escenari amb tots aquests grans artistes. Per a\u00e7\u00f2 des de <span class=\"hiddenSpellError\">Bankia<\/span> hem volgut estar al costat de <span class=\"hiddenGrammarError\">Las<\/span><span class=\"hiddenSpellError\">Provincias<\/span> en aquest campus&#8221;.<\/p>\n<p>El pasdoble &#8216;<span class=\"hiddenGrammarError\">Las<\/span> <span class=\"hiddenSpellError\">Provincias<\/span>&#8216;, dels germans Terol, la marxa cristiana &#8216;Elionor&#8217; de l&#8217;<span class=\"hiddenSpellError\">onteniense<\/span> <span class=\"hiddenSpellError\">Miguel<\/span> <span class=\"hiddenSpellError\">\u00c1ngel<\/span> Sarri\u00f3, dedicat a la seua filla Elisa, tromb\u00f3 en aquesta edici\u00f3 de la Gran Banda Juvenil, <span class=\"hiddenGrammarError\">&#8220;<\/span><span class=\"hiddenSpellError\">Osana<\/span> <span class=\"hiddenSpellError\">in<\/span><span class=\"hiddenSpellError\">Excelsis<\/span><span class=\"hiddenGrammarError\">&#8216;<\/span>, la marxa religiosa del clarinetista de Novelda <span class=\"hiddenSpellError\">\u00d3scar<\/span>Navarro que va donar pas a &#8216;<span class=\"hiddenSpellError\">J<\/span>.A.I.M&#8217;, de Jos\u00e9 Rafael <span class=\"hiddenSpellError\">Pascual<\/span>Vilaplana. &#8216;Una aventura espacial&#8217;, l&#8217;\u00fanica pe\u00e7a composta especialment per a la Banda Juvenil <span class=\"hiddenSpellError\">Bankia<\/span>-Les Prov\u00edncies pel professor de tromb\u00f3 <span class=\"hiddenSpellError\">Miguel<\/span> <span class=\"hiddenSpellError\">\u00c1ngel<\/span> <span class=\"hiddenSpellError\">Ibiza<\/span>. La marxa mora &#8216;Guillem&#8217; d&#8217;<span class=\"hiddenSpellError\">Enrique<\/span> <span class=\"hiddenSpellError\">Alborch<\/span> i &#8216;Lluna Mediterr\u00e0nia&#8217; de <span class=\"hiddenSpellError\">Teo<\/span> <span class=\"hiddenSpellError\">Aparicio<\/span>, va ser el repertori de compositors valencians que va fer vibrar al Palau.<\/p>\n<p>Els nervis se&#8217;n van anar, i<strong> els xicotets m\u00fasics, ja quasi professionals, van gaudir cada moment, sota la batuta de <span class=\"hiddenSpellError\">Merche<\/span> <span class=\"hiddenSpellError\">Femen\u00eda<\/span>,<\/strong> tancant aquest extraordinari concert amb ritme i alegria, amb la interpretaci\u00f3 de &#8216;<span class=\"hiddenSpellError\">Copacabana<\/span>&#8216;, on els 153 xicotets grans m\u00fasics es van al\u00e7ar per<span class=\"hiddenGrammarError\"> ,<\/span>a ritme de la m\u00fasica, per a presentar-se i fent participar <span class=\"hiddenGrammarError\">al<\/span> p\u00fablic.<\/p>\n<p><span class=\"texto\">Enhorabona a tots, tant pel resultat com per la dedicaci\u00f3, esfor\u00e7 i il\u00b7lusi\u00f3. Gran concert, grans futurs m\u00fasics.<\/span><\/p>\n","protected":false},"excerpt":{"rendered":"<p>La Gran Banda Juvenil Bankia-Las Provincias, composta per 153 xiquets d&#8217;entre 10 i 14 anys, escollits entre m\u00e9s de 400 pertanyents a les escoles de m\u00fasica federades, van al\u00e7ar al p\u00fablic assistent dels seus seients.<\/p>\n","protected":false},"author":2,"featured_media":0,"comment_status":"closed","ping_status":"closed","sticky":false,"template":"","format":"standard","meta":{"footnotes":""},"categories":[10],"tags":[],"class_list":["post-2199","post","type-post","status-publish","format-standard","hentry","category-musica-a-la-llum"],"_links":{"self":[{"href":"https:\/\/fsmcv.org\/vl\/wp-json\/wp\/v2\/posts\/2199","targetHints":{"allow":["GET"]}}],"collection":[{"href":"https:\/\/fsmcv.org\/vl\/wp-json\/wp\/v2\/posts"}],"about":[{"href":"https:\/\/fsmcv.org\/vl\/wp-json\/wp\/v2\/types\/post"}],"author":[{"embeddable":true,"href":"https:\/\/fsmcv.org\/vl\/wp-json\/wp\/v2\/users\/2"}],"replies":[{"embeddable":true,"href":"https:\/\/fsmcv.org\/vl\/wp-json\/wp\/v2\/comments?post=2199"}],"version-history":[{"count":0,"href":"https:\/\/fsmcv.org\/vl\/wp-json\/wp\/v2\/posts\/2199\/revisions"}],"wp:attachment":[{"href":"https:\/\/fsmcv.org\/vl\/wp-json\/wp\/v2\/media?parent=2199"}],"wp:term":[{"taxonomy":"category","embeddable":true,"href":"https:\/\/fsmcv.org\/vl\/wp-json\/wp\/v2\/categories?post=2199"},{"taxonomy":"post_tag","embeddable":true,"href":"https:\/\/fsmcv.org\/vl\/wp-json\/wp\/v2\/tags?post=2199"}],"curies":[{"name":"wp","href":"https:\/\/api.w.org\/{rel}","templated":true}]}}