{"id":22037,"date":"2020-10-18T18:19:17","date_gmt":"2020-10-18T16:19:17","guid":{"rendered":"https:\/\/fsmcv.org\/43-asamblea-general-de-la-fsmcv-2011\/"},"modified":"2021-04-06T13:28:54","modified_gmt":"2021-04-06T11:28:54","slug":"43-asamblea-general-de-la-fsmcv-2011","status":"publish","type":"post","link":"https:\/\/fsmcv.org\/vl\/assemblees-generals\/43-asamblea-general-de-la-fsmcv-2011\/","title":{"rendered":"43 Assemblea General de la FSMCV 2011"},"content":{"rendered":"\n<p><a href=\"http:\/\/www.fsmcv.org\/news\/cartelag2011web.jpg\">Cartell de la 43 ASSEMBLEA GENERAL DE LA FSMCV 2011.<\/a><\/p>\n\n<p><a href=\"http:\/\/fsmcv.org\/wp-content\/uploads\/news\/orden%20del%20dia%2043%20asamblea%20general.pdf\">Ordre del d\u00eda.<\/a><\/p>\n\n<p><a href=\"http:\/\/fsmcv.org\/wp-content\/uploads\/news\/acta%2042%20asamblea%20general%20fsmcv.pdf\">Acta de la 42 ASSEMBLEA GENERAL DE LA FSMCV 2010.<\/a><\/p>\n\n<p><a href=\"http:\/\/fsmcv.org\/wp-content\/uploads\/news\/ponencias2011cas.pdf\">Pon\u00e8ncies de la AG 2011.<\/a><\/p>\n\n<p><a href=\"http:\/\/fsmcv.org\/wp-content\/uploads\/news\/informeeconomicoag2011.pdf\">Informe econ\u00f2mic.<\/a><\/p>\n\n<p><a href=\"http:\/\/www.youtube.com\/watch?v=J8sAos5zYz0\" target=\"_blank\" rel=\"noopener\">Ponencia: TACTUS,<\/a>programa inform\u00e0tic per al ensinistrament i millora r\u00edtmica en la Xarxa d\u2019Escoles de M\u00fasica de la FSMCV (enlla\u00e7 a video explicatiu en Youtube)<\/p>\n\n<p>Pon\u00e8ncia COOPERACI\u00d3 INTERNACIONAL:<br\/><a href=\"http:\/\/fsmcv.org\/wp-content\/uploads\/news\/ponencia%20actividades%20internacionales.pdf\">Pon\u00e8ncia<\/a><br\/><a href=\"http:\/\/fsmcv.org\/wp-content\/uploads\/news\/proyectos%20europeos%20y%20cooperacion%20internacional.pdf\">Projectes europeus<\/a><br\/><a href=\"http:\/\/fsmcv.org\/wp-content\/uploads\/news\/ponencia%20actividades%20internacionales.ppsx\">Presentaci\u00f3 power point<\/a><\/p>\n","protected":false},"excerpt":{"rendered":"<p>Cartell de la 43 ASSEMBLEA GENERAL DE LA FSMCV 2011. Ordre del d\u00eda. Acta de la 42 ASSEMBLEA GENERAL DE LA FSMCV 2010. Pon\u00e8ncies de la AG 2011. Informe econ\u00f2mic. Ponencia: TACTUS,programa inform\u00e0tic per al ensinistrament i millora r\u00edtmica en la Xarxa d\u2019Escoles de M\u00fasica de la FSMCV (enlla\u00e7 a video explicatiu en Youtube) Pon\u00e8ncia [&hellip;]<\/p>\n","protected":false},"author":1,"featured_media":22378,"comment_status":"open","ping_status":"closed","sticky":false,"template":"","format":"standard","meta":{"footnotes":""},"categories":[168],"tags":[],"class_list":["post-22037","post","type-post","status-publish","format-standard","has-post-thumbnail","hentry","category-assemblees-generals"],"_links":{"self":[{"href":"https:\/\/fsmcv.org\/vl\/wp-json\/wp\/v2\/posts\/22037","targetHints":{"allow":["GET"]}}],"collection":[{"href":"https:\/\/fsmcv.org\/vl\/wp-json\/wp\/v2\/posts"}],"about":[{"href":"https:\/\/fsmcv.org\/vl\/wp-json\/wp\/v2\/types\/post"}],"author":[{"embeddable":true,"href":"https:\/\/fsmcv.org\/vl\/wp-json\/wp\/v2\/users\/1"}],"replies":[{"embeddable":true,"href":"https:\/\/fsmcv.org\/vl\/wp-json\/wp\/v2\/comments?post=22037"}],"version-history":[{"count":0,"href":"https:\/\/fsmcv.org\/vl\/wp-json\/wp\/v2\/posts\/22037\/revisions"}],"wp:featuredmedia":[{"embeddable":true,"href":"https:\/\/fsmcv.org\/vl\/wp-json\/wp\/v2\/media\/22378"}],"wp:attachment":[{"href":"https:\/\/fsmcv.org\/vl\/wp-json\/wp\/v2\/media?parent=22037"}],"wp:term":[{"taxonomy":"category","embeddable":true,"href":"https:\/\/fsmcv.org\/vl\/wp-json\/wp\/v2\/categories?post=22037"},{"taxonomy":"post_tag","embeddable":true,"href":"https:\/\/fsmcv.org\/vl\/wp-json\/wp\/v2\/tags?post=22037"}],"curies":[{"name":"wp","href":"https:\/\/api.w.org\/{rel}","templated":true}]}}