{"id":2229,"date":"2016-09-27T10:17:46","date_gmt":"2016-09-27T08:17:46","guid":{"rendered":"http:\/\/fsmcv.org\/?post_type=fsmcv-noticias&#038;p=2229"},"modified":"2020-09-27T18:23:05","modified_gmt":"2020-09-27T18:23:05","slug":"6e-premi-internacional-de-composicio-de-musica-per-a-banda-vila-de-muro-2017","status":"publish","type":"post","link":"https:\/\/fsmcv.org\/vl\/noticies-campanyes\/musica-a-la-llum\/6e-premi-internacional-de-composicio-de-musica-per-a-banda-vila-de-muro-2017\/","title":{"rendered":"6\u00e9 premi internacional de composici\u00f3 de m\u00fasica per a banda Vila de Muro 2017"},"content":{"rendered":"<p class=\"texto\"><span class=\"texto\">Muro, 27 de setembre del 2016<br \/>\n<\/span><\/p>\n<div><span class=\"texto\">Cada vegada resta menys per a que termine el per\u00edode de presentaci\u00f3 de partitures al <strong>VI Premi Internacional de composici\u00f3 de m\u00fasica per a banda Vila de Muro 2017<\/strong>, concurs organitzat conjuntament per<strong> l&#8217;Ajuntament de Muro i per la Societat Uni\u00f3 Musical de Muro<\/strong>, l&#8217;objectiu del qual \u00e9s fomentar i enriquir el patrimoni musical i cultural de les bandes de m\u00fasica, aix\u00ed com estimular la creativitat dels compositors, contribuint d&#8217;aquesta manera a augmentar el cat\u00e0leg de composicions per a orquestra de vent i percussi\u00f3.\u00a0<\/span><\/div>\n<div><\/div>\n<div>Les obres, que han de durar entre 10 i 20 minuts, han de ser necess\u00e0riament originals i no haver sigut presentades abans a cap altre concurs. <strong>Les partitures podran ser enviades fins el 4 de novembre <\/strong>a la Regidoria de Cultura de l&#8217;Ajuntament de Muro<strong>.<\/strong><\/div>\n<div><\/div>\n<div>La decissi\u00f3 del jurat es far\u00e0 p\u00fablica durant la Fireta de Sant Antoni que es celebrar\u00e0 al mes de gener del 2017. La banda de la Societat Uni\u00f3 Musical de Muro estrenar\u00e0 la composici\u00f3 guanyadora al transcurs de l&#8217;any 2017.<\/div>\n<div><\/div>\n<div><a href=\"http:\/\/fsmcv.org\/wp-content\/uploads\/news\/bases%20vi%20premi%20internacional%20de%20composicio%202017%20(vila%20demuro).pdf\">Consulta les bases del concurs<\/a>.<\/div>\n<div><\/div>\n<p>&nbsp;<\/p>\n","protected":false},"excerpt":{"rendered":"<p>Les partitures podran ser enviades fins el 4 de novembre <\/strong>a la Regidoria de Cultura de l&#8217;Ajuntament de Muro.<\/p>\n","protected":false},"author":2,"featured_media":0,"comment_status":"closed","ping_status":"closed","sticky":false,"template":"","format":"standard","meta":{"footnotes":""},"categories":[10],"tags":[],"class_list":["post-2229","post","type-post","status-publish","format-standard","hentry","category-musica-a-la-llum"],"_links":{"self":[{"href":"https:\/\/fsmcv.org\/vl\/wp-json\/wp\/v2\/posts\/2229","targetHints":{"allow":["GET"]}}],"collection":[{"href":"https:\/\/fsmcv.org\/vl\/wp-json\/wp\/v2\/posts"}],"about":[{"href":"https:\/\/fsmcv.org\/vl\/wp-json\/wp\/v2\/types\/post"}],"author":[{"embeddable":true,"href":"https:\/\/fsmcv.org\/vl\/wp-json\/wp\/v2\/users\/2"}],"replies":[{"embeddable":true,"href":"https:\/\/fsmcv.org\/vl\/wp-json\/wp\/v2\/comments?post=2229"}],"version-history":[{"count":0,"href":"https:\/\/fsmcv.org\/vl\/wp-json\/wp\/v2\/posts\/2229\/revisions"}],"wp:attachment":[{"href":"https:\/\/fsmcv.org\/vl\/wp-json\/wp\/v2\/media?parent=2229"}],"wp:term":[{"taxonomy":"category","embeddable":true,"href":"https:\/\/fsmcv.org\/vl\/wp-json\/wp\/v2\/categories?post=2229"},{"taxonomy":"post_tag","embeddable":true,"href":"https:\/\/fsmcv.org\/vl\/wp-json\/wp\/v2\/tags?post=2229"}],"curies":[{"name":"wp","href":"https:\/\/api.w.org\/{rel}","templated":true}]}}