{"id":2236,"date":"2016-09-30T10:27:18","date_gmt":"2016-09-30T08:27:18","guid":{"rendered":"http:\/\/fsmcv.org\/?post_type=fsmcv-noticias&#038;p=2236"},"modified":"2020-09-27T18:23:30","modified_gmt":"2020-09-27T18:23:30","slug":"la-orquesta-simfonica-de-la-ribera-convoca-les-proves-dadmissio-2016-2017","status":"publish","type":"post","link":"https:\/\/fsmcv.org\/vl\/noticies-campanyes\/musica-a-la-llum\/la-orquesta-simfonica-de-la-ribera-convoca-les-proves-dadmissio-2016-2017\/","title":{"rendered":"La Orquesta Simf\u00f2nica de la Ribera convoca les Proves d&#8217;Admissi\u00f3 2016-2017"},"content":{"rendered":"<div><span class=\"texto\">La <strong>Orquestra Simf\u00f2nica de la Ribera<\/strong> convoca les proves d&#8217;admissi\u00f3 per al curs 2016-2017, per a les especialitats de metalls, fusta i corda.\u00a0<\/span><\/div>\n<div><\/div>\n<div><strong>Les proves es realitzaran al Teatre Municipal d&#8217;Algemes\u00ed el dia 1 d&#8217;octubre del 2016<\/strong>, i consistiran en:<\/div>\n<div>\n<ul>\n<li>Interpretaci\u00f3 d&#8217;una obra o fragment del repertori instrumental a triar pel participant (aproximadament 5 minuts).<\/li>\n<li>Lectura a primera vista d&#8217;un fragment seleccionat pel tribunal, la dificultat de la qual estar\u00e0 adaptada al nivell d&#8217;estudis del participant.<\/li>\n<li>Entrevista personal.<\/li>\n<\/ul>\n<div>Els interessats poden enviar un correu electr\u00f2nica simfonicadelaribera@gmail.com, indicant nom i cognoms, tel\u00e8fon de contacte, adre\u00e7a postal completa, instrument i nivell d&#8217;estudis.<\/div>\n<\/div>\n<div><\/div>\n<div><strong>M\u00e9s informaci\u00f3<\/strong>: 660 959 620 &#8212; 696 542 941<\/div>\n<p>&nbsp;<\/p>\n","protected":false},"excerpt":{"rendered":"<p>La Orquestra Simf\u00f2nica de la Ribera convoca les proves d&#8217;admissi\u00f3 per al curs 2016-2017, per a les especialitats de metalls, fusta i corda.\u00a0 Les proves es realitzaran al Teatre Municipal d&#8217;Algemes\u00ed el dia 1 d&#8217;octubre del 2016, i consistiran en: Interpretaci\u00f3 d&#8217;una obra o fragment del repertori instrumental a triar pel participant (aproximadament 5 minuts). [&hellip;]<\/p>\n","protected":false},"author":2,"featured_media":0,"comment_status":"closed","ping_status":"closed","sticky":false,"template":"","format":"standard","meta":{"footnotes":""},"categories":[10],"tags":[],"class_list":["post-2236","post","type-post","status-publish","format-standard","hentry","category-musica-a-la-llum"],"_links":{"self":[{"href":"https:\/\/fsmcv.org\/vl\/wp-json\/wp\/v2\/posts\/2236","targetHints":{"allow":["GET"]}}],"collection":[{"href":"https:\/\/fsmcv.org\/vl\/wp-json\/wp\/v2\/posts"}],"about":[{"href":"https:\/\/fsmcv.org\/vl\/wp-json\/wp\/v2\/types\/post"}],"author":[{"embeddable":true,"href":"https:\/\/fsmcv.org\/vl\/wp-json\/wp\/v2\/users\/2"}],"replies":[{"embeddable":true,"href":"https:\/\/fsmcv.org\/vl\/wp-json\/wp\/v2\/comments?post=2236"}],"version-history":[{"count":0,"href":"https:\/\/fsmcv.org\/vl\/wp-json\/wp\/v2\/posts\/2236\/revisions"}],"wp:attachment":[{"href":"https:\/\/fsmcv.org\/vl\/wp-json\/wp\/v2\/media?parent=2236"}],"wp:term":[{"taxonomy":"category","embeddable":true,"href":"https:\/\/fsmcv.org\/vl\/wp-json\/wp\/v2\/categories?post=2236"},{"taxonomy":"post_tag","embeddable":true,"href":"https:\/\/fsmcv.org\/vl\/wp-json\/wp\/v2\/tags?post=2236"}],"curies":[{"name":"wp","href":"https:\/\/api.w.org\/{rel}","templated":true}]}}