{"id":2371,"date":"2016-10-07T14:57:03","date_gmt":"2016-10-07T12:57:03","guid":{"rendered":"http:\/\/fsmcv.org\/?post_type=fsmcv-noticias&#038;p=2371"},"modified":"2021-04-13T13:42:29","modified_gmt":"2021-04-13T11:42:29","slug":"entrada-de-bandes-de-musica-a-valencia-castello-i-alacant-pel-9-doctubre","status":"publish","type":"post","link":"https:\/\/fsmcv.org\/vl\/societats-musicals\/entrada-de-bandes-de-musica-a-valencia-castello-i-alacant-pel-9-doctubre\/","title":{"rendered":"Entrada de Bandes de M\u00fasica a Val\u00e8ncia, Castell\u00f3 i Alacant pel 9 d&#8217;Octubre."},"content":{"rendered":"<p class=\"texto\"><span class=\"texto\">Val\u00e8ncia, 7 d&#8217;octubre del 2016<br \/>\n<\/span><\/p>\n<p><span class=\"texto\">Enguany <strong>es celebren els actes del 9 d&#8217;Octubre, Dia de la Comunitat Valenciana<\/strong>, sota el lema &#8220;<em>Tots a una veu<\/em>&#8220;. Per primera vegada, <strong>el programa de la festa ha estat el\u00b7laborat de manera conjunta entre la Generalitat Valenciana, Les corts Valencianes, la Diputaci\u00f3 de Val\u00e8ncia i els Ajuntaments d&#8217;Alacant, Castell\u00f3 i Val\u00e8ncia.<\/strong><\/span><\/p>\n<p>Per aquest motiu, enguany <strong>la entrada de bandes a la ciutat es realitzar\u00e0 de forma simult\u00e0nea a les tres capitals de prov\u00edncia<\/strong>, a les quals participaran diverses bandes que comen\u00e7aran la desfilada<strong> a les 12h del dissabte 8 d&#8217;octubre.<\/strong><\/p>\n<p><h3>Entrada de bandas<\/h3>\n<\/p>\n<p><h4>Alacant<\/h4>\n<\/p>\n<p>Participaran les bandes Agrupaci\u00f3n Musical de la Sociedad Cultural Deportiva Carolinas i L&#8217;Harmonia Societat Musical d&#8217;Alacant. La desfilada comen\u00e7ar\u00e0 a l&#8217;Avinguda Doctor Gadea i finalitzar\u00e0 a l&#8217;Ajuntament.<\/p>\n<p><h4>Castell\u00f3<\/h4>\n<\/p>\n<p>Participaran a la desfilada les bandes Asociaci\u00f3n Musical Castalia i la Associaci\u00f3 Uni\u00f3 Musical del Grau de Castell\u00f3. Les bandes eixiran de la Pla\u00e7a Major, recorreran el Carrer Major, la Pla\u00e7a de les Aules, el Carrer Cavallers y tornaran de nou al punt d&#8217;eixida.<\/p>\n<p><h4>Val\u00e8ncia<\/h4>\n<\/p>\n<p>Les bandes que participaran en la entrada s\u00f3n la Sociedad Ateneo Musical del Puerto de Valencia, la Societat Musical &#8220;Poblats Mar\u00edtims&#8221; de Valencia i la Societat Musical de Benifaraig, que eixiran des de la Plaza de la Virgen.<\/p>\n<p><h3>Banda Municipal de Val\u00e8ncia y Orquestra de Val\u00e8ncia<\/h3>\n<\/p>\n<div>Tamb\u00e9 amb motiu de la festa del 9 d&#8217;Octubre, la Banda Municipal de Val\u00e8ncia i la Orquestra de Val\u00e8ncia oferiran un concert a la Sala Iturbi del Palau de la M\u00fasica el dissabte 8 d&#8217;octubre a les 19:30.<\/p>\n<p>El concert conclour\u00e0 amb la interpretaci\u00f3 de l&#8217;Himne de la Comunitat Valenciana, del mestre Jos\u00e9 Serrano.<\/p>\n<p>La entrada \u00e9s gratuita per\u00f2 s&#8217;ha de retirar la invitaci\u00f3 pr\u00e8viament a les taquilles del Palau de la M\u00fasica, una hora abans de que comence el concert.<\/p>\n","protected":false},"excerpt":{"rendered":"<p>Entrada de bandes a Castell\u00f3, Val\u00e8ncia i Alancant el dissabte 8 d&#8217;octubre a les 12 h.<\/p>\n","protected":false},"author":2,"featured_media":0,"comment_status":"closed","ping_status":"closed","sticky":false,"template":"","format":"standard","meta":{"footnotes":""},"categories":[56],"tags":[],"class_list":["post-2371","post","type-post","status-publish","format-standard","hentry","category-societats-musicals"],"_links":{"self":[{"href":"https:\/\/fsmcv.org\/vl\/wp-json\/wp\/v2\/posts\/2371","targetHints":{"allow":["GET"]}}],"collection":[{"href":"https:\/\/fsmcv.org\/vl\/wp-json\/wp\/v2\/posts"}],"about":[{"href":"https:\/\/fsmcv.org\/vl\/wp-json\/wp\/v2\/types\/post"}],"author":[{"embeddable":true,"href":"https:\/\/fsmcv.org\/vl\/wp-json\/wp\/v2\/users\/2"}],"replies":[{"embeddable":true,"href":"https:\/\/fsmcv.org\/vl\/wp-json\/wp\/v2\/comments?post=2371"}],"version-history":[{"count":0,"href":"https:\/\/fsmcv.org\/vl\/wp-json\/wp\/v2\/posts\/2371\/revisions"}],"wp:attachment":[{"href":"https:\/\/fsmcv.org\/vl\/wp-json\/wp\/v2\/media?parent=2371"}],"wp:term":[{"taxonomy":"category","embeddable":true,"href":"https:\/\/fsmcv.org\/vl\/wp-json\/wp\/v2\/categories?post=2371"},{"taxonomy":"post_tag","embeddable":true,"href":"https:\/\/fsmcv.org\/vl\/wp-json\/wp\/v2\/tags?post=2371"}],"curies":[{"name":"wp","href":"https:\/\/api.w.org\/{rel}","templated":true}]}}