{"id":2506,"date":"2016-10-25T11:52:00","date_gmt":"2016-10-25T09:52:00","guid":{"rendered":"http:\/\/fsmcv.org\/?post_type=fsmcv-noticias&#038;p=2506"},"modified":"2021-04-13T13:36:11","modified_gmt":"2021-04-13T11:36:11","slug":"bankia-lanza-la-tercera-edicion-de-las-becas-para-alumnos-de-las-escuelas-de-musica-de-la-fsmcv-dotada-con-300-000-euros","status":"publish","type":"post","link":"https:\/\/fsmcv.org\/vl\/certamens\/bankia-lanza-la-tercera-edicion-de-las-becas-para-alumnos-de-las-escuelas-de-musica-de-la-fsmcv-dotada-con-300-000-euros\/","title":{"rendered":"BANKIA llan\u00e7a la tercera edici\u00f3 de les beques per a alumnes de les escoles de m\u00fasica de la FSMCV, dotada amb 300.000 euros"},"content":{"rendered":"<ul>\n<li>La entitat impulsa el programa <strong>&#8216;Bankia escolta Val\u00e8ncia&#8217;<\/strong> amb la col\u00b7laboraci\u00f3 de la Generalitat Valenciana mitjan\u00e7ant l&#8217;Institut Valenci\u00e0 de Cultura, i la Federaci\u00f3 de Societats Musicals de la Comunitat Valenciana.<\/li>\n<li>Es tracta d&#8217;un programa de recolzament al teixit associatiu dels m\u00fasics en la Comunitat Valenciana.<\/li>\n<li>Les beques, que s&#8217;adjudicaran tenint en compte criteris acad\u00e8mics, econ\u00f2mics i sociofamiliars, podran solicitar-se<strong> fins el dia 25 de novembre mitjan\u00e7ant<\/strong> la web <a href=\"http:\/\/www.bankiaescoltavalencia.es\" target=\"_blank\" rel=\"noopener\">www.bankiaescoltavalencia.es<\/a><\/li>\n<\/ul>\n<p>&nbsp;<\/p>\n<p>Val\u00e8ncia, 25 d&#8217;octubre del 2016<\/p>\n<p><strong>Bankia ha llan\u00e7at per tercer any consecutiu les beques per als alumnes de les escoles de m\u00fasica que formen part de les Societats Musicals de la Federaci\u00f3 de Societats Musicals de la Comunitat Valenciana.<\/strong><\/p>\n<p>Aquesta tercera edici\u00f3 del programa <strong>&#8216;Bankia escolta Val\u00e8ncia&#8217;<\/strong> sorgeix de l&#8217;acord de col\u00b7laboraci\u00f3 entre la entitat banc\u00e0ria, que aporta una<strong> dotaci\u00f3 de 300.000 euros,<\/strong> la Generalitat Valenciana mitjan\u00e7ant l&#8217;Institut Valenci\u00e0 de Cultura (CulturArts) i la FSMCV.<\/p>\n<p>El conveni, suscrit per les tres institucions el 4 d&#8217;agost de 2016, contempla entre altres, la posada en marxa d&#8217;aquest projecte, que ser\u00e0 finan\u00e7at per Bankia i gestionat per la FSMCV. <strong>El seu objectiu \u00e9s promoure i recolzar l&#8217;estudi i difusi\u00f3 de la m\u00fasica com a part fonamental del patrimoni cultural valenci\u00e0<\/strong>, aix\u00ed com enfortir l&#8217;entorn associatiu de les societats musicals i les seues escoles.<\/p>\n<h3>Criteris d&#8217;adjudicaci\u00f3<\/h3>\n<p><strong>Els criteris pels quals s&#8217;adjudicaran les beques s\u00f3n acad\u00e8mics, econ\u00f2mics i sociofamiliars<\/strong>. Entre els acad\u00e8mics es valora la matr\u00edcula en m\u00e9s d&#8217;un instrument, la exist\u00e8ncia d&#8217;altres educands dins de la unitat familiar i la valoraci\u00f3 acad\u00e8mica que realitzen les pr\u00f2pies escoles de m\u00fasica.<\/p>\n<p>Entre els econ\u00f2mics, el principal criteri \u00e9s el de la renda, al qual es tenen en compte els ingressos de tots els membres de la unitat familiar, la situaci\u00f3 personal i familiar de l&#8217;alumne (mobilitat, discapacitat o condici\u00f3 de fam\u00edlia nombrosa o monoparental).<\/p>\n<p>Tanmateix, i a difer\u00e8ncia d&#8217;altres anys, <strong>s&#8217;atorgaran punts als sol\u00b7licitants de beques que tinguen un compte obert a Bankia.<\/strong><\/p>\n<p><em>&#8220;A Bankia pretenem que les beques arriben al major nombre d&#8217;alumnes de les escoles de m\u00fasica, i que beneficien als millors estudiants i a les fam\u00edlies que m\u00e9s ho necessiten&#8221;<\/em>, ha subratllat el director corporatiu territorial de Bankia a la Comunitat Valenciana, <strong>Miguel Capdevila.<\/strong><\/p>\n<h3>Imports i terminis<\/h3>\n<p>Com en anys anteriors,<strong> l&#8217;import de la beca significar\u00e0 com a m\u00e0xim el 90% del total de la matr\u00edcula<\/strong>, fins a<strong> un m\u00e0xim de 500 euros per persona<\/strong>. El termini per a que els alumnes sol\u00b7liciten les beques romandr\u00e0 <strong>obert fins el dia 25 de novembre<\/strong> mitjan\u00e7ant, exclusivament, la web<a href=\"http:\/\/www.bankiaescoltavalencia.es.\" target=\"_blank\" rel=\"noopener\"> www.bankiaescoltavalencia.es.<\/a><\/p>\n<p>La <strong>llista provisional de beneficiaris de les beques es coneixer\u00e0 abans del 20 de gener del 2017<\/strong>, i s&#8217;obrir\u00e0 un termini de 10 dies per a realitzar les possibles al\u00b7legacions. Una vegada finalitzat este per\u00edode, <strong>abans del 10 de febrer, es publicar\u00e0 la llista definitiva de becats.<\/strong><\/p>\n<p><strong>L&#8217;any passat<\/strong> van ser un total de 1289 alumnes de les escoles de m\u00fasica de 236 societats musicals de la Comunitat Valenciana els qui es van beneficiar d&#8217;aquest programa fruit de la col\u00b7laboraci\u00f3 entre Bankia, la Generalitat Valenciana i la FSMCV. En total, <strong>el programa va beneficiar 299 joves m\u00e9s que la edici\u00f3 de 2014, un 23% m\u00e9s d&#8217;alumnes.<\/strong><\/p>\n<p>De les beques atorgades, 295 van ser per a 44 societats musicals de la prov\u00edncia d&#8217;Alacant, 172 en 31 societats musicals de Castell\u00f3 i 822 en 161 societats musicals de la prov\u00edncia de Val\u00e8ncia.<\/p>\n<p><a href=\"http:\/\/www.bankiaescoltavalencia.es\/val\/beques\/index.html\" target=\"_blank\" rel=\"noopener\">Bases de la convocat\u00f2ria (valenci\u00e0)<\/a>.<\/p>\n<p><a href=\"http:\/\/www.bankiaescoltavalencia.es\/wp-content\/uploads\/2014\/06\/Instrucciones-Cumplimentacion-Plataforma-2016-vl.pdf\" target=\"_blank\" rel=\"noopener\">Instruccions per emplenar el formulari de sol\u00b7licitud (valenci\u00e0)<\/a>.<\/p>\n","protected":false},"excerpt":{"rendered":"<p>La entitat impulsa el programa &#8216;Bankia escolta Val\u00e8ncia&#8217; amb la col\u00b7laboraci\u00f3 de la Generalitat Valenciana mitjan\u00e7ant l&#8217;Institut Valenci\u00e0 de Cultura, i la Federaci\u00f3 de Societats Musicals de la Comunitat Valenciana. Es tracta d&#8217;un programa de recolzament al teixit associatiu dels m\u00fasics en la Comunitat Valenciana. Les beques, que s&#8217;adjudicaran tenint en compte criteris acad\u00e8mics, econ\u00f2mics [&hellip;]<\/p>\n","protected":false},"author":2,"featured_media":0,"comment_status":"closed","ping_status":"closed","sticky":false,"template":"","format":"standard","meta":{"footnotes":""},"categories":[],"tags":[],"class_list":["post-2506","post","type-post","status-publish","format-standard","hentry"],"_links":{"self":[{"href":"https:\/\/fsmcv.org\/vl\/wp-json\/wp\/v2\/posts\/2506","targetHints":{"allow":["GET"]}}],"collection":[{"href":"https:\/\/fsmcv.org\/vl\/wp-json\/wp\/v2\/posts"}],"about":[{"href":"https:\/\/fsmcv.org\/vl\/wp-json\/wp\/v2\/types\/post"}],"author":[{"embeddable":true,"href":"https:\/\/fsmcv.org\/vl\/wp-json\/wp\/v2\/users\/2"}],"replies":[{"embeddable":true,"href":"https:\/\/fsmcv.org\/vl\/wp-json\/wp\/v2\/comments?post=2506"}],"version-history":[{"count":0,"href":"https:\/\/fsmcv.org\/vl\/wp-json\/wp\/v2\/posts\/2506\/revisions"}],"wp:attachment":[{"href":"https:\/\/fsmcv.org\/vl\/wp-json\/wp\/v2\/media?parent=2506"}],"wp:term":[{"taxonomy":"category","embeddable":true,"href":"https:\/\/fsmcv.org\/vl\/wp-json\/wp\/v2\/categories?post=2506"},{"taxonomy":"post_tag","embeddable":true,"href":"https:\/\/fsmcv.org\/vl\/wp-json\/wp\/v2\/tags?post=2506"}],"curies":[{"name":"wp","href":"https:\/\/api.w.org\/{rel}","templated":true}]}}