{"id":2513,"date":"2016-10-28T13:31:32","date_gmt":"2016-10-28T11:31:32","guid":{"rendered":"http:\/\/fsmcv.org\/?post_type=fsmcv-noticias&#038;p=2513"},"modified":"2021-04-13T13:35:44","modified_gmt":"2021-04-13T11:35:44","slug":"la-fsmcv-se-reune-con-la-federacion-china-de-bandas-de-musica-casbe-para-iniciar-colaboraciones-internacionales","status":"publish","type":"post","link":"https:\/\/fsmcv.org\/vl\/societats-musicals\/la-fsmcv-se-reune-con-la-federacion-china-de-bandas-de-musica-casbe-para-iniciar-colaboraciones-internacionales\/","title":{"rendered":"La FSMCV es reuneix amb la Federaci\u00f3 Xinesa de Bandes de M\u00fasica (CASBE) per iniciar col\u00b7laboracions internacionals"},"content":{"rendered":"<ul>\n<li>El President de la FSMCV s\u2019ha reunit a Xina amb representants de la Federaci\u00f3 Xina de Bandes de M\u00fasica (CASBE), amb motiu d\u2019un projecte internacional que pret\u00e9n millorar l\u2019ocupabilitat i la cooperaci\u00f3.<\/li>\n<li>La reuni\u00f3 s\u2019ha celebrat en el marc de la Fira Internacional de M\u00fasica \u2018Music China\u2019, un esdeveniment de gran rellev\u00e0ncia internacional que t\u00e9 lloc anualment a Shanghai.<\/li>\n<li>Les bandes de m\u00fasica valencianes tamb\u00e9 han estat representades gr\u00e0cies als m\u00fasics valencians que han participat a l\u2019esdeveniment.<\/li>\n<\/ul>\n<p>Valencia, 28 d\u2019octubre del 2016<\/p>\n<p><strong>La Federaci\u00f3 de Societats Musicals de la Comunitat Valenciana ha estat present a la Fira Internacional de M\u00fasica \u2018Music China\u2019<\/strong>, un esdeveniment que es celebra anualment a <strong>Shanghai<\/strong> i que \u00e9s considerada una de les fires internacionals m\u00e9s importants del m\u00f3n.<\/p>\n<p>En el marc d\u2019aquesta fira, <strong>celebrada entre el 26 i el 29 d\u2019octubre<\/strong>, el President de la FSMCV, <strong>Pedro Rodr\u00edguez<\/strong>, s\u2019ha reunit amb el seu hom\u00f2leg xin\u00e9s de la CASBE (China Association for Symphonic Bands and Ensembles),<strong> Yu Hai,<\/strong> per tal d\u2019iniciar les col\u00b7laboracions internacionals necess\u00e0ries per portar endavant un projecte internacional, l\u2019objectiu del qual \u00e9s millorar la ocupabilitat i la visibilitat dels m\u00fasics i dels professors de m\u00fasica. Un projecte de llarg recorregut que comen\u00e7a ara i que millorar\u00e0 no sols la mobilitat dels m\u00fasics i docents, sin\u00f3 tamb\u00e9 la visibilitat d\u2019aquest col\u00b7lectiu.<\/p>\n<p><strong>La FSMCV tornar\u00e0 a Xina en maig del 2017<\/strong>, per a con\u00e8ixer la realitat de les societats musicals al pa\u00eds asi\u00e0tic i als seus directius, m\u00fasics, directors i compositors. Els representants de la FSMCV actuaran com a jurat convidat al certamen que les bandes xineses celebraran en eixa data. La Federaci\u00f3 Xina, per la seua banda, visitar\u00e0 la Comunitat Valenciana a octubre de l\u2019any que ve, coincidint amb el Certamen Auton\u00f2mic.<\/p>\n<p><strong>La fira \u2018Music China\u2019 ha acollit representants de les m\u00e9s importants firmes d\u2019instruments, aix\u00ed com projectes i iniciatives musicals, entre els quals es troben nous m\u00e8todes d\u2019ensenyament i did\u00e0ctica musical<\/strong>. Espanya compta amb una \u00e0mplia representaci\u00f3 en aquest prestigi\u00f3s esdeveniment, on les bandes de m\u00fasica valencianes tamb\u00e9 han estat presents mitjan\u00e7ant els m\u00fasics valencians que han participat a la fira.<\/p>\n<p>Aquesta reuni\u00f3 marca una fita en les relacions internacionals que donaran projecci\u00f3 d\u2019\u00e0mbit mundial al col\u2022lectiu musical de la Comunitat Valenciana.<\/p>\n","protected":false},"excerpt":{"rendered":"<p>La Federaci\u00f3 de Societats Musicals de la Comunitat Valenciana ha estat present a la Fira Internacional de M\u00fasica \u2018Music China\u2019, un esdeveniment que es celebra anualment a Shanghai i que \u00e9s considerada una de les fires internacionals m\u00e9s importants del m\u00f3n.<\/p>\n","protected":false},"author":2,"featured_media":0,"comment_status":"closed","ping_status":"closed","sticky":false,"template":"","format":"standard","meta":{"footnotes":""},"categories":[56],"tags":[],"class_list":["post-2513","post","type-post","status-publish","format-standard","hentry","category-societats-musicals"],"_links":{"self":[{"href":"https:\/\/fsmcv.org\/vl\/wp-json\/wp\/v2\/posts\/2513","targetHints":{"allow":["GET"]}}],"collection":[{"href":"https:\/\/fsmcv.org\/vl\/wp-json\/wp\/v2\/posts"}],"about":[{"href":"https:\/\/fsmcv.org\/vl\/wp-json\/wp\/v2\/types\/post"}],"author":[{"embeddable":true,"href":"https:\/\/fsmcv.org\/vl\/wp-json\/wp\/v2\/users\/2"}],"replies":[{"embeddable":true,"href":"https:\/\/fsmcv.org\/vl\/wp-json\/wp\/v2\/comments?post=2513"}],"version-history":[{"count":0,"href":"https:\/\/fsmcv.org\/vl\/wp-json\/wp\/v2\/posts\/2513\/revisions"}],"wp:attachment":[{"href":"https:\/\/fsmcv.org\/vl\/wp-json\/wp\/v2\/media?parent=2513"}],"wp:term":[{"taxonomy":"category","embeddable":true,"href":"https:\/\/fsmcv.org\/vl\/wp-json\/wp\/v2\/categories?post=2513"},{"taxonomy":"post_tag","embeddable":true,"href":"https:\/\/fsmcv.org\/vl\/wp-json\/wp\/v2\/tags?post=2513"}],"curies":[{"name":"wp","href":"https:\/\/api.w.org\/{rel}","templated":true}]}}