{"id":2531,"date":"2016-10-21T16:24:03","date_gmt":"2016-10-21T14:24:03","guid":{"rendered":"http:\/\/fsmcv.org\/?post_type=fsmcv-noticias&#038;p=2531"},"modified":"2020-09-27T18:25:25","modified_gmt":"2020-09-27T18:25:25","slug":"melcioret-vol-ser-music-el-libro-infantil-sobre-la-vida-de-melcior-gomis-se-presenta-en-valencia","status":"publish","type":"post","link":"https:\/\/fsmcv.org\/vl\/noticies-campanyes\/musica-a-la-llum\/melcioret-vol-ser-music-el-libro-infantil-sobre-la-vida-de-melcior-gomis-se-presenta-en-valencia\/","title":{"rendered":"&#8220;Melcioret vol ser M\u00fasic&#8221;, el llibre infantil sobre la vida de Melcior Gomis, es presenta a Val\u00e8ncia"},"content":{"rendered":"<p>Val\u00e8ncia, 21 d&#8217;octubre del 2016<\/p>\n<p>Dem\u00e0 es presenta a Val\u00e8ncia el llibre infantil <strong><em>&#8220;Melcioret vol ser m\u00fasic&#8221;<\/em><\/strong>, un conte escrit per <strong>Miquel \u00c0ngel M\u00farcia i David Palmer<\/strong>, i il\u00b7lustrat per <strong>Paqui Constant,<\/strong> que relata la vida del compositor d&#8217;Ontinyent <strong>Melchor Gomis<\/strong>.<\/p>\n<p>El llibre, amb forma de conte infantil, relata la vida del m\u00fasic valenci\u00e0, de qui <strong>ara es compleixen 180 anys des de la seua mort<\/strong>, motiu pel qual el 2016 ha sigut declarat <em>&#8220;Any de Melchor Gomis&#8221;.<\/em><\/p>\n<p>La presentaci\u00f3 del llibre, editat per Edicions 96, tindr\u00e0 lloc <strong>dem\u00e0 22 d&#8217;octubre a partir de les 11:25 hores a la Pla\u00e7a de l&#8217;Ajuntament de Val\u00e8ncia.<\/strong><\/p>\n<h3>Jos\u00e9 Melchor Gomis y Colomer<\/h3>\n<p>Nascut a Ontinyent en 1791, fou un compositor rom\u00e0ntic espanyol de gran \u00e8xit en la seua \u00e9poca, encara que se&#8217;l recorda especialment perqu\u00e8 se li atribueix<strong> l&#8217;autoria de l&#8217;Himno de Riego<\/strong>, himne nacional d&#8217;Espanya durant la Segona Rep\u00fablica Espanyola.<\/p>\n<p>El m\u00fasic valenci\u00e0 comen\u00e7\u00e0 la seua carrera a<strong> la Capellania de Santa Maria d&#8217;Ontinyent<\/strong>, i va continuar despr\u00e9s al <strong>Cor de la Catedral de Val\u00e8ncia<\/strong>. Als 25 anys ja figurava com a director de la m\u00fasica del<strong> Regiment d&#8217;Artilleria de la guarnici\u00f3 de Barcelona<\/strong>, tras lo qual se&#8217;n va anar a Madrid amb l&#8217;enc\u00e0rrec de dirigir la <strong>Banda del Real Cuerpo de Guardias Alabarderos<\/strong>, que mai va arribar a formar-se.<\/p>\n<p>Amb el triomf de Riego, fou nombrat <strong>director de la banda de la Mil\u00edcia Nacional<\/strong>, a la qual va romandre fins 1823, quan es va traslladar a Par\u00eds. En 1822 es va publicar Colecciones de canciones patri\u00f3ticas que dedica al ciudadano <strong>Rafael del Riego<\/strong> y a los valientes que han seguido sus huellas, impr\u00e9s a Val\u00e8ncia i al qual figura l&#8217;himne signat per Gomis.<\/p>\n<p>Va morir a Par\u00eds, el 27 de juliol de 1836.<\/p>\n","protected":false},"excerpt":{"rendered":"<p>Val\u00e8ncia, 21 d&#8217;octubre del 2016 Dem\u00e0 es presenta a Val\u00e8ncia el llibre infantil &#8220;Melcioret vol ser m\u00fasic&#8221;, un conte escrit per Miquel \u00c0ngel M\u00farcia i David Palmer, i il\u00b7lustrat per Paqui Constant, que relata la vida del compositor d&#8217;Ontinyent Melchor Gomis. El llibre, amb forma de conte infantil, relata la vida del m\u00fasic valenci\u00e0, de [&hellip;]<\/p>\n","protected":false},"author":2,"featured_media":0,"comment_status":"closed","ping_status":"closed","sticky":false,"template":"","format":"standard","meta":{"footnotes":""},"categories":[10],"tags":[],"class_list":["post-2531","post","type-post","status-publish","format-standard","hentry","category-musica-a-la-llum"],"_links":{"self":[{"href":"https:\/\/fsmcv.org\/vl\/wp-json\/wp\/v2\/posts\/2531","targetHints":{"allow":["GET"]}}],"collection":[{"href":"https:\/\/fsmcv.org\/vl\/wp-json\/wp\/v2\/posts"}],"about":[{"href":"https:\/\/fsmcv.org\/vl\/wp-json\/wp\/v2\/types\/post"}],"author":[{"embeddable":true,"href":"https:\/\/fsmcv.org\/vl\/wp-json\/wp\/v2\/users\/2"}],"replies":[{"embeddable":true,"href":"https:\/\/fsmcv.org\/vl\/wp-json\/wp\/v2\/comments?post=2531"}],"version-history":[{"count":0,"href":"https:\/\/fsmcv.org\/vl\/wp-json\/wp\/v2\/posts\/2531\/revisions"}],"wp:attachment":[{"href":"https:\/\/fsmcv.org\/vl\/wp-json\/wp\/v2\/media?parent=2531"}],"wp:term":[{"taxonomy":"category","embeddable":true,"href":"https:\/\/fsmcv.org\/vl\/wp-json\/wp\/v2\/categories?post=2531"},{"taxonomy":"post_tag","embeddable":true,"href":"https:\/\/fsmcv.org\/vl\/wp-json\/wp\/v2\/tags?post=2531"}],"curies":[{"name":"wp","href":"https:\/\/api.w.org\/{rel}","templated":true}]}}