{"id":2577,"date":"2016-10-21T09:16:37","date_gmt":"2016-10-21T07:16:37","guid":{"rendered":"http:\/\/fsmcv.org\/?post_type=fsmcv-noticias&#038;p=2577"},"modified":"2021-04-13T13:37:33","modified_gmt":"2021-04-13T11:37:33","slug":"las-sociedades-musicales-de-la-safor-valldigna-celebran-la-xiii-gala-de-musica","status":"publish","type":"post","link":"https:\/\/fsmcv.org\/vl\/societats-musicals\/las-sociedades-musicales-de-la-safor-valldigna-celebran-la-xiii-gala-de-musica\/","title":{"rendered":"Les Societats Musicals de la Comarca de la Safor-Valldigna celebren la XIII Gala de M\u00fasica"},"content":{"rendered":"<p>Gandia, 21 d&#8217;octubre del 2016<\/p>\n<p>Les <strong>Societats Musicals de la Comarca la Safor-Valldigna<\/strong> de la Federaci\u00f3 de Societats Musicals de la Comunitat Valenciana celebren dem\u00e0 <strong>22 d&#8217;octubre a les 21:00 hores al restaurant Palau Miramar de Gand\u00eda la XIII Gala de la M\u00fasica i el lliurament de Premis Hermes 2016.<\/strong><\/p>\n<p>&nbsp;<\/p>\n<p>La XIII Gala de la M\u00fasica &#8211; Premis Hermes 2016 est\u00e0 organitzat per la Junta Comarcal la Safor-Valldigna de la FSMCV. En primer lloc, hi haur\u00e0 una recepci\u00f3 dels representants i altres socis i amics de les diferents societats musicals de la comarca en el vest\u00edbul del restaurant, per a passar al photocall all\u00ed instal\u00b7lat.<\/p>\n<p>Despr\u00e9s del sopar, el presentador <strong>Lucas Fortado<\/strong>, Vicepresident de la Junta Comarcal La Safor-Valldigna de la FSMCV donar\u00e0 inici a l&#8217;acte de lliurament dels Premis Hermes 2016.<\/p>\n<p>Finalitzat el lliurament dels premis, la Presidenta de la Junta Comarcal la Safor-Valldigna, <strong>Josefa Tarras\u00f3<\/strong>, posar\u00e0 el punt i final a la Gala de la M\u00fasica.<\/p>\n","protected":false},"excerpt":{"rendered":"<p>Les Societats Musicals de la Comarca la Safor-Valldigna de la Federaci\u00f3 de Societats Musicals de la Comunitat Valenciana celebren dem\u00e0 22 d&#8217;octubre a les 21:00 hores al restaurant Palau Miramar de Gand\u00eda la XIII Gala de la M\u00fasica i el lliurament de Premis Hermes 2016.<\/p>\n","protected":false},"author":2,"featured_media":0,"comment_status":"closed","ping_status":"closed","sticky":false,"template":"","format":"standard","meta":{"footnotes":""},"categories":[56],"tags":[],"class_list":["post-2577","post","type-post","status-publish","format-standard","hentry","category-societats-musicals"],"_links":{"self":[{"href":"https:\/\/fsmcv.org\/vl\/wp-json\/wp\/v2\/posts\/2577","targetHints":{"allow":["GET"]}}],"collection":[{"href":"https:\/\/fsmcv.org\/vl\/wp-json\/wp\/v2\/posts"}],"about":[{"href":"https:\/\/fsmcv.org\/vl\/wp-json\/wp\/v2\/types\/post"}],"author":[{"embeddable":true,"href":"https:\/\/fsmcv.org\/vl\/wp-json\/wp\/v2\/users\/2"}],"replies":[{"embeddable":true,"href":"https:\/\/fsmcv.org\/vl\/wp-json\/wp\/v2\/comments?post=2577"}],"version-history":[{"count":0,"href":"https:\/\/fsmcv.org\/vl\/wp-json\/wp\/v2\/posts\/2577\/revisions"}],"wp:attachment":[{"href":"https:\/\/fsmcv.org\/vl\/wp-json\/wp\/v2\/media?parent=2577"}],"wp:term":[{"taxonomy":"category","embeddable":true,"href":"https:\/\/fsmcv.org\/vl\/wp-json\/wp\/v2\/categories?post=2577"},{"taxonomy":"post_tag","embeddable":true,"href":"https:\/\/fsmcv.org\/vl\/wp-json\/wp\/v2\/tags?post=2577"}],"curies":[{"name":"wp","href":"https:\/\/api.w.org\/{rel}","templated":true}]}}