{"id":2631,"date":"2016-11-03T14:29:42","date_gmt":"2016-11-03T13:29:42","guid":{"rendered":"http:\/\/fsmcv.org\/?post_type=fsmcv-noticias&#038;p=2631"},"modified":"2021-04-13T13:33:41","modified_gmt":"2021-04-13T11:33:41","slug":"la-associacio-musical-ciutat-de-benicarlo-ultima-la-preparacion-de-sus-conciertos-por-santa-cecilia","status":"publish","type":"post","link":"https:\/\/fsmcv.org\/vl\/societats-musicals\/la-associacio-musical-ciutat-de-benicarlo-ultima-la-preparacion-de-sus-conciertos-por-santa-cecilia\/","title":{"rendered":"L&#8217;Associaci\u00f3 Musical &#8220;Ciutat de Benicarl\u00f3&#8221; ultima la preparaci\u00f3 dels seus concerts per Santa Cec\u00edlia"},"content":{"rendered":"<p>Val\u00e8ncia, 3 de novembre del 2016<\/p>\n<p><strong>Amb l&#8217;arribada del mes de novembre, l&#8217;activitat de l&#8217;Associaci\u00f3 Musical &#8220;Ciutat de Benicarl\u00f3&#8221; gira al voltant de la festivitat de Santa Cec\u00edlia, una celebraci\u00f3 doble ja que enguany es celebra, a m\u00e9s de la patrona de la m\u00fasica, el 40\u00e9 aniversari de l&#8217;associaci\u00f3 i els 180 anys de banda.<\/strong><\/p>\n<p>Amb aquest motiu, s&#8217;han programat tot un seguit d&#8217;activitats que es celebraran al llarg del mes de novembre, des de les m\u00e9s l\u00fadiques i socials fins a les m\u00e9s purament musicals, per viure un mes ple de m\u00fasica i germanor.<\/p>\n<h2>Programaci\u00f3 Santa Cec\u00edlia 2017:<\/h2>\n<p><strong>Dissabte 5 de novembre<\/strong><br \/>\nPrimera entrada de nous m\u00fasics, a partir de les 16h al Carrer Cabanes 16.<\/p>\n<p><strong>Dissabte 12 de novembre<\/strong><br \/>\nSopar de &#8216;pa i porta&#8217; i concurs de postres, a partir de les 21:30h al local del Carrer Cabanes 16.<\/p>\n<p><strong>Diumenge 13 de novembre<\/strong><br \/>\nFesta infantil a partir de les 11h al local del Carrer Cabanes 16<\/p>\n<p><strong>Dissabte 19 de novembre<\/strong><br \/>\nSegona entrada de nous m\u00fasics, a partir de les 16h al Carrer Cabanes 16<br \/>\nConcierto de los Crazy Jockers, a las 23:30h en el local de la Calle Cabanes 16<\/p>\n<p><strong>Dissabte 26 de novembre<\/strong><br \/>\nconcert de les diferents seccions de la banda i celebraci\u00f3 del 40\u00e9 aniversari de l&#8217;associaci\u00f3 i dels 180 anys de la banda, a les 19h a l&#8217;Auditori Municipal Pedro Mercader.<br \/>\nSerenata de les Muses, a les 22:30 passacarrers des del local del Carrer Cabanes 16 fins als domicilis de les Muses 2016 i 2017.<br \/>\nCelebraci\u00f3 al local<\/p>\n<p><strong>Diumenge 27 de novembre<\/strong><br \/>\nTradicional &#8216;ma\u00f1anita&#8217; a les 9h al local de la Banda<br \/>\nDesfilada a les 9:30h i missa a la parr\u00f2quia de Sant Bertomeu a les 11h en honor a Santa Cecilia junt amb la Coral Polif\u00f3nica Benicarlanda<br \/>\nDinar de germanor, lliurament d&#8217;insignies als nous m\u00fasics i presentaci\u00f3 oficial de la Musa 2017, la senyoreta Clara Torres Ma\u00f1\u00e1, en un conegut restaurant de la localitat.<\/p>\n<p>Al llarg d&#8217;estos dies, l&#8217;Associaci\u00f3 Musical Ciutat de Benicarl\u00f3 realitzar\u00e0 la <strong>presentaci\u00f3 oficial del logo del 40\u00e9 aniversari, la edici\u00f3 de la Revista-Mem\u00f2ria 2015 i la remodelaci\u00f3 de la p\u00e0gina web,<\/strong> aix\u00ed com les millores que s&#8217;han fet al local de la societat.<\/p>\n","protected":false},"excerpt":{"rendered":"<p>Les activitats de la banda de Benicarl\u00f3 giraran al voltant de la festivitat de Santa Cec\u00edlia, en una s\u00e8rie de concerts que es celebraran entre el 5 i el 27 de novembre <\/p>\n","protected":false},"author":2,"featured_media":0,"comment_status":"closed","ping_status":"closed","sticky":false,"template":"","format":"standard","meta":{"footnotes":""},"categories":[56],"tags":[],"class_list":["post-2631","post","type-post","status-publish","format-standard","hentry","category-societats-musicals"],"_links":{"self":[{"href":"https:\/\/fsmcv.org\/vl\/wp-json\/wp\/v2\/posts\/2631","targetHints":{"allow":["GET"]}}],"collection":[{"href":"https:\/\/fsmcv.org\/vl\/wp-json\/wp\/v2\/posts"}],"about":[{"href":"https:\/\/fsmcv.org\/vl\/wp-json\/wp\/v2\/types\/post"}],"author":[{"embeddable":true,"href":"https:\/\/fsmcv.org\/vl\/wp-json\/wp\/v2\/users\/2"}],"replies":[{"embeddable":true,"href":"https:\/\/fsmcv.org\/vl\/wp-json\/wp\/v2\/comments?post=2631"}],"version-history":[{"count":0,"href":"https:\/\/fsmcv.org\/vl\/wp-json\/wp\/v2\/posts\/2631\/revisions"}],"wp:attachment":[{"href":"https:\/\/fsmcv.org\/vl\/wp-json\/wp\/v2\/media?parent=2631"}],"wp:term":[{"taxonomy":"category","embeddable":true,"href":"https:\/\/fsmcv.org\/vl\/wp-json\/wp\/v2\/categories?post=2631"},{"taxonomy":"post_tag","embeddable":true,"href":"https:\/\/fsmcv.org\/vl\/wp-json\/wp\/v2\/tags?post=2631"}],"curies":[{"name":"wp","href":"https:\/\/api.w.org\/{rel}","templated":true}]}}