{"id":2656,"date":"2016-11-08T16:45:45","date_gmt":"2016-11-08T15:45:45","guid":{"rendered":"http:\/\/fsmcv.org\/?post_type=fsmcv-noticias&#038;p=2656"},"modified":"2021-04-13T13:31:48","modified_gmt":"2021-04-13T11:31:48","slug":"la-sociedad-musical-ciudad-de-torrevieja-los-salerosos-presenta-la-seua-programacio-de-santa-cecilia","status":"publish","type":"post","link":"https:\/\/fsmcv.org\/vl\/societats-musicals\/la-sociedad-musical-ciudad-de-torrevieja-los-salerosos-presenta-la-seua-programacio-de-santa-cecilia\/","title":{"rendered":"La Sociedad Musical Ciudad de Torrevieja &#8220;Los Salerosos&#8221; presenta la seua programaci\u00f3 de Santa Cec\u00edlia"},"content":{"rendered":"<p>Val\u00e8ncia, 8 de novembre del 2016<\/p>\n<p><strong>Amb motiu de les festes per Santa Cec\u00edlia, la Societat Musical Ciudad de Torrevieja &#8220;Los Salerosos&#8221; presenta la seua programaci\u00f3 d&#8217;actes<\/strong>:<\/p>\n<h3>Diumenge 13 de novembre<\/h3>\n<p>Al llarg del mat\u00ed es realitzar\u00e0 la replegada dels nous m\u00fasics de la banda.<\/p>\n<p>11h. La banda es despla\u00e7ar\u00e0 fins la Urbanitzaci\u00f3 de La Siesta per replegar a <strong>Grabriela Agudelo<\/strong> (Saxof\u00f3 alt).<br \/>\n11:30h. El passacarrers continuar\u00e0 fins la Urbanizaci\u00f3n El Molino (La Mata) per replegar a <strong>Lev Guguchkin<\/strong> (Bombard\u00ed).<br \/>\n12h. La banda eixir\u00e0 des de la seu de la societat musical per replegar a <strong>Javier P\u00e9rez<\/strong> (Trompeta) i <strong>David M\u00e1rquez del Ca\u00f1o<\/strong> (tromb\u00f3).<\/p>\n<h3>Dissabte 19 de novembre<\/h3>\n<p>Es far\u00e0 el sopar de germanor entre m\u00fasics i familiars i es lliurar\u00e0 l&#8217;escut d&#8217;or, al restaurant Las Columnas.<\/p>\n<h3>Dissabte 26 de novembre<\/h3>\n<p>A les 21:00, comen\u00e7ar\u00e0 el gran concert de Santa Cec\u00edlia, al qual participen la <strong>Banda Simf\u00f2nica de la Societat Musical Ciudad de Torrevieja &#8220;Los Salerosos&#8221; j<\/strong>unt amb les corals <strong>Francisco Vallejos i Maestro Casanovas<\/strong>, interpretant\u00a0&#8220;<a href=\"http:\/\/www.fsmcv.org\/page.asp?op1=2&amp;Id=16050\">The Queen Symphony<\/a>&#8220;.<\/p>\n","protected":false},"excerpt":{"rendered":"<p>Les activitats tindran lloc els dies 13, 19 i 26 de novembre, amb la replegada dels nous m\u00fasics i el gran concert The Queen Symphony.<\/p>\n","protected":false},"author":2,"featured_media":0,"comment_status":"closed","ping_status":"closed","sticky":false,"template":"","format":"standard","meta":{"footnotes":""},"categories":[56],"tags":[],"class_list":["post-2656","post","type-post","status-publish","format-standard","hentry","category-societats-musicals"],"_links":{"self":[{"href":"https:\/\/fsmcv.org\/vl\/wp-json\/wp\/v2\/posts\/2656","targetHints":{"allow":["GET"]}}],"collection":[{"href":"https:\/\/fsmcv.org\/vl\/wp-json\/wp\/v2\/posts"}],"about":[{"href":"https:\/\/fsmcv.org\/vl\/wp-json\/wp\/v2\/types\/post"}],"author":[{"embeddable":true,"href":"https:\/\/fsmcv.org\/vl\/wp-json\/wp\/v2\/users\/2"}],"replies":[{"embeddable":true,"href":"https:\/\/fsmcv.org\/vl\/wp-json\/wp\/v2\/comments?post=2656"}],"version-history":[{"count":0,"href":"https:\/\/fsmcv.org\/vl\/wp-json\/wp\/v2\/posts\/2656\/revisions"}],"wp:attachment":[{"href":"https:\/\/fsmcv.org\/vl\/wp-json\/wp\/v2\/media?parent=2656"}],"wp:term":[{"taxonomy":"category","embeddable":true,"href":"https:\/\/fsmcv.org\/vl\/wp-json\/wp\/v2\/categories?post=2656"},{"taxonomy":"post_tag","embeddable":true,"href":"https:\/\/fsmcv.org\/vl\/wp-json\/wp\/v2\/tags?post=2656"}],"curies":[{"name":"wp","href":"https:\/\/api.w.org\/{rel}","templated":true}]}}