{"id":2662,"date":"2016-11-08T16:59:38","date_gmt":"2016-11-08T15:59:38","guid":{"rendered":"http:\/\/fsmcv.org\/?post_type=fsmcv-noticias&#038;p=2662"},"modified":"2021-04-13T13:31:36","modified_gmt":"2021-04-13T11:31:36","slug":"el-grupo-de-metales-de-la-am-guardamar-del-segura-arranca-los-actos-por-santa-cecilia","status":"publish","type":"post","link":"https:\/\/fsmcv.org\/vl\/societats-musicals\/el-grupo-de-metales-de-la-am-guardamar-del-segura-arranca-los-actos-por-santa-cecilia\/","title":{"rendered":"El Grup de Metalls de la AM Guardamar del Segura arranca els actes per Santa Cec\u00edlia"},"content":{"rendered":"<p>Val\u00e8ncia, 8 de novembre del 2016<\/p>\n<p><strong>Amb el concert del Grup de Metalls de l&#8217;Agrupaci\u00f3 Musical de Guardamar del Segura s&#8217;inicien els actes programats per celebrar la Festivitat de Santa Cec\u00edlia, patrona dels m\u00fasics.<\/strong><\/p>\n<p>Com cada any, <strong>l&#8217;Agrupaci\u00f3 Musical de Guardamar<\/strong> ha preparat diversos actes per celebrar la Festivitat de Santa Cec\u00edlia, patrona dels m\u00fasics. El primer d&#8217;ells, que marcar\u00e0 l&#8217;inici de la programaci\u00f3 especial, tindr\u00e0 lloc el pr\u00f2xim <strong>dissabte 12 de novembre<\/strong>, amb un concert del <strong>Grup de Metalls de la Banda de M\u00fasica<\/strong>, titulat &#8220;Concerts al Castell&#8221;.<\/p>\n<p>En este concert, s&#8217;interpretaran obres de diversos estils i \u00e8poques, que amb tota seguretat seran de gran acceptaci\u00f3 per part del p\u00fablic assistent. El concert, que \u00e9s <strong>gratu\u00eft<\/strong>, es celebrar\u00e0 a la <strong>Pla\u00e7a del Baluard a les 19 hores.<\/strong><\/p>\n<p>La programaci\u00f3 especial per Santa Cec\u00edlia continuar\u00e0 el pr\u00f2xim <strong>dissabte 26 de novembre<\/strong> amb el Concert Extraordinari de Santa Cec\u00edlia, que es celebrar\u00e0 <strong>a les 19 hores a l&#8217;Auditori de la Casa de la Cultura<\/strong>. <strong>La Banda de M\u00fasica de l&#8217;Agrupaci\u00f3 Musical de Guardamar<\/strong> oferir\u00e0 este tradicional concert amb la participaci\u00f3 especial del<strong> Cor d&#8217;Alumnes de l&#8217;Escola de M\u00fasica<\/strong>. A m\u00e9s, en aquest concert s&#8217;incorporaran nous m\u00fasics a la banda. <strong>La entrada \u00e9s gratu\u00efta amb invitaci\u00f3<\/strong>. Abans del concert es procedir\u00e0 a la recollida de nous m\u00fasics que s&#8217;incorporen a la banda de m\u00fasica, a partir de les 16:45 des de l&#8217;Escola de M\u00fasica.<\/p>\n<p>La entrada al concert \u00e9s gratu\u00efta amb invitaci\u00f3. Els socis podran replegar la seua entrada els dies 23 i 24 de novembre de 17 a 20 hores a la oficina de la Societat Musical, o b\u00e9 a partir del 25 de novembre a la Casa de la Cultura.<\/p>\n","protected":false},"excerpt":{"rendered":"<p>El concert, l&#8217;entrada del qual \u00e9s gratu\u00efta, es celebrar\u00e0 el pr\u00f2xim dissabte 12 de novembre a les 19 hores a la Pla\u00e7a del Baluard <\/p>\n","protected":false},"author":2,"featured_media":0,"comment_status":"closed","ping_status":"closed","sticky":false,"template":"","format":"standard","meta":{"footnotes":""},"categories":[56],"tags":[],"class_list":["post-2662","post","type-post","status-publish","format-standard","hentry","category-societats-musicals"],"_links":{"self":[{"href":"https:\/\/fsmcv.org\/vl\/wp-json\/wp\/v2\/posts\/2662","targetHints":{"allow":["GET"]}}],"collection":[{"href":"https:\/\/fsmcv.org\/vl\/wp-json\/wp\/v2\/posts"}],"about":[{"href":"https:\/\/fsmcv.org\/vl\/wp-json\/wp\/v2\/types\/post"}],"author":[{"embeddable":true,"href":"https:\/\/fsmcv.org\/vl\/wp-json\/wp\/v2\/users\/2"}],"replies":[{"embeddable":true,"href":"https:\/\/fsmcv.org\/vl\/wp-json\/wp\/v2\/comments?post=2662"}],"version-history":[{"count":0,"href":"https:\/\/fsmcv.org\/vl\/wp-json\/wp\/v2\/posts\/2662\/revisions"}],"wp:attachment":[{"href":"https:\/\/fsmcv.org\/vl\/wp-json\/wp\/v2\/media?parent=2662"}],"wp:term":[{"taxonomy":"category","embeddable":true,"href":"https:\/\/fsmcv.org\/vl\/wp-json\/wp\/v2\/categories?post=2662"},{"taxonomy":"post_tag","embeddable":true,"href":"https:\/\/fsmcv.org\/vl\/wp-json\/wp\/v2\/tags?post=2662"}],"curies":[{"name":"wp","href":"https:\/\/api.w.org\/{rel}","templated":true}]}}