{"id":2667,"date":"2016-11-08T17:24:56","date_gmt":"2016-11-08T16:24:56","guid":{"rendered":"http:\/\/fsmcv.org\/?post_type=fsmcv-noticias&#038;p=2667"},"modified":"2021-04-13T13:31:23","modified_gmt":"2021-04-13T11:31:23","slug":"lagrupacio-musical-de-montaverner-posara-la-musica-al-partit-valencia-c-f-granada","status":"publish","type":"post","link":"https:\/\/fsmcv.org\/vl\/societats-musicals\/lagrupacio-musical-de-montaverner-posara-la-musica-al-partit-valencia-c-f-granada\/","title":{"rendered":"L&#8217;Agrupaci\u00f3 Musical de Montaverner posar\u00e0 la M\u00fasica al partit Valencia C.F. &#8211; Granada"},"content":{"rendered":"<p>Val\u00e8ncia, 8 de novembre del 2016<\/p>\n<p><strong>L&#8217;Agrupaci\u00f3 Musical de Montaverner ser\u00e0 la encarregada de posar banda sonora al Mestalla durant el pr\u00f2xim partit entre el Valencia C.F. i el Granada, que tindr\u00e0 lloc el dia 20 de novembre a les 16:15 hores.<\/strong><\/p>\n<p>El repertori musical que oferir\u00e0 la banda sota la batuta de <strong>Federico Sanz Pl\u00e1<\/strong> ser\u00e0 la seg\u00fcent:<\/p>\n<ul>\n<li>Arribada dels jugadors.<\/li>\n<li>Ragon Falez (pasodoble), d&#8217;<strong>Emilio Cebri\u00e1n Ruiz.<\/strong><\/li>\n<li>El Kabila (marxa mora), de <strong>Jos\u00e9 M\u00aa Ferrero Pastor<\/strong>.<\/li>\n<li>Amunt Valencia (himne), de <strong>Pablo S\u00e1nchez Torrella<\/strong>.<\/li>\n<li>Passacarrers fa\u00e7ana principal de Mestalla.<\/li>\n<li>Tercio de Quites (pasdoble), de <strong>Rafael Talens Pell\u00f3<\/strong>.<\/li>\n<li>Descans partit.<\/li>\n<li>Entrada: Pechin (pasdoble), de <strong>Federico Sanz Pla<\/strong>.<\/li>\n<li>Punt fix: Morenito de Valencia (pasdoble), de <strong>Vicente Portol\u00e9s Tom\u00e1s<\/strong>.<\/li>\n<li>Eixida: Valencia (marxa), de <strong>Jos\u00e9 Padilla S\u00e1nchez<\/strong>.<\/li>\n<\/ul>\n<h2>Sobre la banda<\/h2>\n<p><strong>L&#8217;Agrupaci\u00f3n Musical de Montaverner<\/strong> fou fundada en 1919 sota la direcci\u00f3 de <strong>Vicent Mas<\/strong>, comen\u00e7ant amb un redu\u00eft nombre de m\u00fasics. Des d&#8217;aleshores, aquest nombre ha anat creixent fins arribar als 36 components que formen la banda en aquest moment.<\/p>\n<p>En l&#8217;actualitat, la banda funciona al 100% de les seues possibilitats, sota la direcci\u00f3 del seu director actual, <strong>Federico Sanz Pl\u00e1.<\/strong> Cal mencionar que malgrat la crisi i que no abunden les actuacions de l&#8217;Agrupaci\u00f3 Musical al seu poble, porten el nom de Montaverner a 6 localitats diferents amb una vintena d&#8217;actuacions m\u00e9s que en anys anteriors. Actuacions que inclouen no nom\u00e9s les festes de Moros i Cristians, sin\u00f3 tamb\u00e9 intercanvis musicals, concerts i altres activitats.<\/p>\n<p><strong>L&#8217;Agrupaci\u00f3 Musical de Montaverner<\/strong> va rebre el guard\u00f3 a Millor Banda a Albaida (1997), Almansa (2000 i 2005) i a Quart de Poblet (2003, 2005 i 2007).<\/p>\n<p>Cal destacar tamb\u00e9 la nova seu de <strong>l&#8217;Acad\u00e8mia de M\u00fasica<\/strong>, reformada i inaugurada l&#8217;any 2005, i que compta amb professors titulats que formen els alumnes matriculats a l&#8217;escola.<\/p>\n<h2>Sobre el director, Federico Sanz Pl\u00e1<\/h2>\n<p>Va n\u00e0ixer a Montaverner, i va iniciar els seus estudis a una edat molt temprana, entrant com a m\u00fasic de la banda als 11 anys i sent els seus professors els mateixos m\u00fasics d&#8217;aquesta.<\/p>\n<p>Es va formar al<strong> Conservatori de M\u00fasica Llu\u00eds Millan de X\u00e0tiv<\/strong>a, per a despr\u00e9s accedir en 1982 pel sistema d&#8217;oposici\u00f3 com a m\u00fasic militar, continuant la seua carrera al <strong>Conservatori Antonio de Cabez\u00f3n de Burgos,<\/strong> a on va entrar a formar part de l&#8217;Orquestra del conservatori.<\/p>\n<p>Amb la seua llicenciatura, va continuar els estudis al <strong>Conservatori Mestre Vert de Carcaixent<\/strong>, havent realitzat tamb\u00e9 cursos d&#8217;harmonia, formes i direcci\u00f3 d&#8217;orquestra.<\/p>\n<p>En 1992 va ingressar com a director a<strong> l&#8217;Agrupaci\u00f3 Musical de Montaverner<\/strong>, a on continua fins l&#8217;actualitat combinant la seua activitat de direcci\u00f3 amb la de mestre d&#8217;aquesta acad\u00e8mia de m\u00fasica.<\/p>\n<p>Paral\u00b7lelament a tota aquesta activitat, ha compost peces de m\u00fasica festera, destacant el pasdoble &#8220;<em>El Primer<\/em>&#8220;, dedicat a son pare. Altres obres compostes per <strong>Federico Sanz Pl\u00e1<\/strong> s\u00f3n &#8220;<em>Festers de Sant Blai&#8221;, &#8220;La Fanfarria&#8221;, &#8220;Taifes eslaus&#8221;, &#8220;El Felucho&#8221;, &#8220;Banat&#8221; o &#8220;Pechin&#8221;.<\/em><\/p>\n","protected":false},"excerpt":{"rendered":"<p>La banda de l&#8217;Agrupaci\u00f3 Musical de Montaverner actuar\u00e0 el pr\u00f2xim 20 de novembre a les 16:15 hores en el partit del Valencia contra el Granada a Mestalla <\/p>\n","protected":false},"author":2,"featured_media":0,"comment_status":"closed","ping_status":"closed","sticky":false,"template":"","format":"standard","meta":{"footnotes":""},"categories":[56],"tags":[],"class_list":["post-2667","post","type-post","status-publish","format-standard","hentry","category-societats-musicals"],"_links":{"self":[{"href":"https:\/\/fsmcv.org\/vl\/wp-json\/wp\/v2\/posts\/2667","targetHints":{"allow":["GET"]}}],"collection":[{"href":"https:\/\/fsmcv.org\/vl\/wp-json\/wp\/v2\/posts"}],"about":[{"href":"https:\/\/fsmcv.org\/vl\/wp-json\/wp\/v2\/types\/post"}],"author":[{"embeddable":true,"href":"https:\/\/fsmcv.org\/vl\/wp-json\/wp\/v2\/users\/2"}],"replies":[{"embeddable":true,"href":"https:\/\/fsmcv.org\/vl\/wp-json\/wp\/v2\/comments?post=2667"}],"version-history":[{"count":0,"href":"https:\/\/fsmcv.org\/vl\/wp-json\/wp\/v2\/posts\/2667\/revisions"}],"wp:attachment":[{"href":"https:\/\/fsmcv.org\/vl\/wp-json\/wp\/v2\/media?parent=2667"}],"wp:term":[{"taxonomy":"category","embeddable":true,"href":"https:\/\/fsmcv.org\/vl\/wp-json\/wp\/v2\/categories?post=2667"},{"taxonomy":"post_tag","embeddable":true,"href":"https:\/\/fsmcv.org\/vl\/wp-json\/wp\/v2\/tags?post=2667"}],"curies":[{"name":"wp","href":"https:\/\/api.w.org\/{rel}","templated":true}]}}