{"id":2673,"date":"2016-11-08T17:54:40","date_gmt":"2016-11-08T16:54:40","guid":{"rendered":"http:\/\/fsmcv.org\/?post_type=fsmcv-noticias&#038;p=2673"},"modified":"2021-04-13T13:31:13","modified_gmt":"2021-04-13T11:31:13","slug":"la-sm-la-artistica-de-bunol-celebra-los-actos-conmemorativos-de-santa-cecilia","status":"publish","type":"post","link":"https:\/\/fsmcv.org\/vl\/societats-musicals\/la-sm-la-artistica-de-bunol-celebra-los-actos-conmemorativos-de-santa-cecilia\/","title":{"rendered":"La SM L&#8217;art\u00edstica de Bunyol celebra els actes commemoratius de Santa Cec\u00edlia"},"content":{"rendered":"<p>Val\u00e8ncia, 8 de novembre del 2016<\/p>\n<p><strong>La Sociedad Musical \u201cLa Art\u00edstica\u201d de Bu\u00f1ol celebrar\u00e0 els pr\u00f2xims dies 19 i 22 de novembre els actes commemoratius de Santa Cec\u00edlia, patrona de la m\u00fasica, implicant a totes les seues agrupacions de vent en aquesta celebraci\u00f3.<\/strong><\/p>\n<p>El <strong>dissabte 19 de novembre<\/strong>, al <strong>Teatre Montecarlo<\/strong> a les 19:00 h. tindr\u00e0 lloc el concert a c\u00e0rrec de la<strong> Banda Simf\u00f2nica<\/strong> que actuar\u00e0 conjuntament amb la<strong> Banda Juvenil de la Societat Musical La Art\u00edstica de Bu\u00f1ol<\/strong>, sota la direcci\u00f3 del director titular<strong> Henrie Adams<\/strong>, amb el seg\u00fcent programa:<\/p>\n<h3>Primera part &#8211; Banda Simf\u00f2nica de la S.M. La Art\u00edstica<\/h3>\n<p>EL ARCA DE NO\u00c9 \u2013 Bert Appermont<br \/>\nEL ARCA DE NO\u00c9 \u2013 \u00d3scar Navarro<\/p>\n<h3>Segona part \u2013 Banda Simf\u00f2nica i Banda Juvenil<\/h3>\n<p>BESTIARIUM \u2013 SUITE PARA BANDA<\/p>\n<ol>\n<li>PECES TROPICALES. UNA AVENTURA AZUL INTENSO \u2013 Bert Appermont<\/li>\n<li>BAILE DE LA BALLENA. UN BALLET PARA LAS ESPECIES EN PELIGRO DE EXTINCI\u00d3N \u2013 Philip Sparke<\/li>\n<li>TYRANNOSAURIUS REX \u2013 Ferrer Ferran<\/li>\n<li>EL CARACOL \u2013 Jan van der Roost<\/li>\n<li>EL CANGURO \u2013 Kevin Houben<\/li>\n<li>LOS SIMIOS \u2013 Robert W. Smith<\/li>\n<li>LA CARCOMIA \u2013 Victoriano Valencia<\/li>\n<li>CHARLIE EL CAMALE\u00d3N \u2013 Luis Serrano Alarc\u00f3n<\/li>\n<li>LA MOSCA \u2013 \u00d3scar Navarro<\/li>\n<\/ol>\n<p>El <strong>dimarts 22 de novembre<\/strong> a les <strong>19:00 h<\/strong>. es celebrar\u00e0 una missa en honor a la patrona Santa Cec\u00edlia en<strong> l&#8217;Esgl\u00e9sia Parroquial de Sant Pere Ap\u00f2stol de Bu\u00f1ol<\/strong>, acompanyat pel<strong> Grup de Metalls de la Sociedad Musical La Art\u00edstica de Bu\u00f1ol.<\/strong><\/p>\n<p>A continuaci\u00f3 es far\u00e0 la ja tradicional desfilada dels m\u00fasics de la banda d&#8217;iniciaci\u00f3, des de<strong> la Seu Social Rosales<\/strong> fins el <strong>Teatre Montecarlo<\/strong>, a on s&#8217;oferir\u00e0 un berenar per a m\u00fasics, educands, socis i simpatitzants, organitzada per la Comissi\u00f3 de la Festa del Mant\u00f3.<\/p>\n<p>Els actes continuaran el <strong>divendres 25 de novembre<\/strong>, amb la presentaci\u00f3 del<strong> CD monogr\u00e0fic de Gregory Fritze<\/strong>, realitzat per la banda simf\u00f2nica de la <strong>CIM La Arm\u00f3nica<\/strong>, la mateixa que es podr\u00e0 escoltar en el concert del<strong> dissabte 26<\/strong>, que tindr\u00e0 lloc a les 19 hores al <strong>Palau de la M\u00fasica (Bunyol)<\/strong>. Els actes per Santa Cec\u00edlia tancaran amb el sopar Homenatge al M\u00fasic, despr\u00e9s del concert, al restaurant Mes\u00f3n del Castillo.<\/p>\n","protected":false},"excerpt":{"rendered":"<p>La Societat Musical L&#8217;Art\u00edstica de Bunyol ha programat les activitats per la festivitat de Santa Cec\u00edlia els dies 19 i 22 de novembre<\/p>\n","protected":false},"author":2,"featured_media":0,"comment_status":"closed","ping_status":"closed","sticky":false,"template":"","format":"standard","meta":{"footnotes":""},"categories":[56],"tags":[],"class_list":["post-2673","post","type-post","status-publish","format-standard","hentry","category-societats-musicals"],"_links":{"self":[{"href":"https:\/\/fsmcv.org\/vl\/wp-json\/wp\/v2\/posts\/2673","targetHints":{"allow":["GET"]}}],"collection":[{"href":"https:\/\/fsmcv.org\/vl\/wp-json\/wp\/v2\/posts"}],"about":[{"href":"https:\/\/fsmcv.org\/vl\/wp-json\/wp\/v2\/types\/post"}],"author":[{"embeddable":true,"href":"https:\/\/fsmcv.org\/vl\/wp-json\/wp\/v2\/users\/2"}],"replies":[{"embeddable":true,"href":"https:\/\/fsmcv.org\/vl\/wp-json\/wp\/v2\/comments?post=2673"}],"version-history":[{"count":0,"href":"https:\/\/fsmcv.org\/vl\/wp-json\/wp\/v2\/posts\/2673\/revisions"}],"wp:attachment":[{"href":"https:\/\/fsmcv.org\/vl\/wp-json\/wp\/v2\/media?parent=2673"}],"wp:term":[{"taxonomy":"category","embeddable":true,"href":"https:\/\/fsmcv.org\/vl\/wp-json\/wp\/v2\/categories?post=2673"},{"taxonomy":"post_tag","embeddable":true,"href":"https:\/\/fsmcv.org\/vl\/wp-json\/wp\/v2\/tags?post=2673"}],"curies":[{"name":"wp","href":"https:\/\/api.w.org\/{rel}","templated":true}]}}