{"id":2732,"date":"2016-11-11T09:26:15","date_gmt":"2016-11-11T08:26:15","guid":{"rendered":"http:\/\/fsmcv.org\/?post_type=fsmcv-noticias&#038;p=2732"},"modified":"2021-04-13T13:29:33","modified_gmt":"2021-04-13T11:29:33","slug":"la-unio-musical-de-catadau-en-su-tradicional-concierto-por-santa-cecilia-este-ano-dedicado-a-la-zarzuela","status":"publish","type":"post","link":"https:\/\/fsmcv.org\/vl\/societats-musicals\/la-unio-musical-de-catadau-en-su-tradicional-concierto-por-santa-cecilia-este-ano-dedicado-a-la-zarzuela\/","title":{"rendered":"La Uni\u00f3 Musical de Catadau al seu tradicional concert per Santa Cec\u00edlia , Enguany dedicat a la sarsuela"},"content":{"rendered":"<p class=\"texto\"><span class=\"texto\">Val\u00e8ncia, 11 de novembre del 2016<br \/>\n<\/span><\/p>\n<div><span class=\"texto\"><strong>El pr\u00f2xim 19 de novembre a les 20 hores a la Casa de la Cultura de Catadau, la Uni\u00f3 Musical de Catadau oferir\u00e0 el seu tradicional concert de Santa Cec\u00edlia, enguany dedicat a la Sarsuela<\/strong>. En aquesta ocasi\u00f3, el concert comptar\u00e0 amb la pres\u00e8ncia de la soprano <strong>Carmen Serrano<\/strong> i el bar\u00edton <strong>Vicent Monta\u00f1ana<\/strong>, i tindr\u00e0 el seg\u00fcent repertori:<\/span><\/div>\n<h3>1\u00aa Part<\/h3>\n<div>\n<ul>\n<li>Lo Cant del Valenci\u00e0, de Pedro Sosa. Solista: Ramon Bisbal<\/li>\n<li>Carmen suite n. 1 &#8221; Les toreadors&#8221; de George Bizet<\/li>\n<li>Carmen suite n.1 &#8220;La canci\u00f3n del toreador&#8221; de George Bizet<\/li>\n<li>Carmen suite n.1 &#8221; La habanera&#8221; de George Bizet<\/li>\n<li>El Amor Brujo &#8220;Canci\u00f3n del fuego fatuo&#8221; de Manuel de Falla<\/li>\n<li>El Amor Brujo &#8220;El c\u00edrculo m\u00e1gico (Romance del pescador)&#8221; de Manuel de Falla<\/li>\n<li>El Amor Brujo &#8220;Canci\u00f3n del amor dolido&#8221; de Manuel de Falla<\/li>\n<\/ul>\n<\/div>\n<h3>2\u00aa Part<\/h3>\n<div>\n<ul>\n<li><\/li>\n<li>La Concha Flamenca de Perfecto Ortol\u00e0<\/li>\n<li>La Canci\u00f3n del Olvido &#8220;Junto al puente de la Pe\u00f1a&#8221; de Jos\u00e9 Serrano<\/li>\n<li>La Canci\u00f3n del Olvido &#8220;Canci\u00f3n de Rosina (Marinela)&#8221; de Jos\u00e9 Serrano<\/li>\n<li>La Parranda &#8220;Canto a Murcia&#8221; de Francisco Alonso<\/li>\n<li>La Revoltosa &#8220;Don Felipe y Maripepa&#8221; de Ruperto Chap\u00ed Inst. Marcelo Montagud<\/li>\n<li>El Barberillo de Lavapi\u00e9s &#8221; Canci\u00f3n de la paloma&#8221; de Francisco Barbieri Trans. Mariano San Miguel<\/li>\n<li>La Dolorosa &#8220;La roca fr\u00eda del calvario&#8221; de Jos\u00e9 Serrano<\/li>\n<li>Los Claveles &#8220;Romanza de Rosa&#8221; de Jos\u00e9 Serrano<\/li>\n<li>La del Manojo de Rosas &#8220;D\u00fao del pasodoble&#8221; de Pablo Soroz\u00e1bal<\/li>\n<\/ul>\n<p><strong>Director:<\/strong> Marcelo Montagud<\/p>\n<\/div>\n<p>&nbsp;<\/p>\n","protected":false},"excerpt":{"rendered":"<p>El concert comptar\u00e0 amb la soprano Carmen Serrano i el bar\u00edton Vicente Monta\u00f1ana <\/p>\n","protected":false},"author":2,"featured_media":0,"comment_status":"closed","ping_status":"closed","sticky":false,"template":"","format":"standard","meta":{"footnotes":""},"categories":[56],"tags":[],"class_list":["post-2732","post","type-post","status-publish","format-standard","hentry","category-societats-musicals"],"_links":{"self":[{"href":"https:\/\/fsmcv.org\/vl\/wp-json\/wp\/v2\/posts\/2732","targetHints":{"allow":["GET"]}}],"collection":[{"href":"https:\/\/fsmcv.org\/vl\/wp-json\/wp\/v2\/posts"}],"about":[{"href":"https:\/\/fsmcv.org\/vl\/wp-json\/wp\/v2\/types\/post"}],"author":[{"embeddable":true,"href":"https:\/\/fsmcv.org\/vl\/wp-json\/wp\/v2\/users\/2"}],"replies":[{"embeddable":true,"href":"https:\/\/fsmcv.org\/vl\/wp-json\/wp\/v2\/comments?post=2732"}],"version-history":[{"count":0,"href":"https:\/\/fsmcv.org\/vl\/wp-json\/wp\/v2\/posts\/2732\/revisions"}],"wp:attachment":[{"href":"https:\/\/fsmcv.org\/vl\/wp-json\/wp\/v2\/media?parent=2732"}],"wp:term":[{"taxonomy":"category","embeddable":true,"href":"https:\/\/fsmcv.org\/vl\/wp-json\/wp\/v2\/categories?post=2732"},{"taxonomy":"post_tag","embeddable":true,"href":"https:\/\/fsmcv.org\/vl\/wp-json\/wp\/v2\/tags?post=2732"}],"curies":[{"name":"wp","href":"https:\/\/api.w.org\/{rel}","templated":true}]}}