{"id":2778,"date":"2016-11-15T09:52:08","date_gmt":"2016-11-15T08:52:08","guid":{"rendered":"http:\/\/fsmcv.org\/?post_type=fsmcv-noticias&#038;p=2778"},"modified":"2021-04-13T13:27:59","modified_gmt":"2021-04-13T11:27:59","slug":"la-cium-de-genoves-presenta-els-actes-de-la-seua-setmana-cultural-en-honor-a-santa-cecilia","status":"publish","type":"post","link":"https:\/\/fsmcv.org\/vl\/societats-musicals\/la-cium-de-genoves-presenta-els-actes-de-la-seua-setmana-cultural-en-honor-a-santa-cecilia\/","title":{"rendered":"La CIUM de Genov\u00e9s presenta els actes de la seua Setmana Cultural en honor a Santa Cec\u00edlia"},"content":{"rendered":"<p>Val\u00e8ncia, 15 de novembre del 2016<\/p>\n<p><strong>La Cultural Instructiva Uni\u00f3 Musical de Genov\u00e9s arranca este dissabte els actes de la seua setmana cultural, organitzada en honor a la patrona dels m\u00fasics, Santa Cec\u00edlia, i que es perllongaran des del dia 19 fins el 27 de novembre<\/strong>.<\/p>\n<p>La setmana cultural inclou dos concerts, interpretats per la <strong>Banda Juvenil de la Societat Musical<\/strong> i per la <strong>Banda Simf\u00f2nica<\/strong>, aix\u00ed com diverses activitats l\u00fadiques i esportives i audicions d&#8217;alumnes i professors. La missa per Santa Cec\u00edlia tancar\u00e0 el programa especial, el diumenge 27 de novembre.<\/p>\n<h3>Programa de Santa Cec\u00edlia<\/h3>\n<p><strong>Dissabte 19<\/strong>:<\/p>\n<p>Concert de la Banda Juvenil, amb Mar\u00eda Mart\u00ednez Llopis com a saxo solista. A les 19:15 hores a l&#8217;Auditori Municipal.<\/p>\n<p><strong>Diumenge 20:<\/strong><\/p>\n<p>Exposicions &#8220;Or\u00edgenes de la CIUM&#8221;, &#8220;II Concurso de Fotograf\u00eda&#8221; i &#8220;Concurso de Dibujo y Cuento Musical&#8221;, a partir de les 12:30 horas a l&#8217;Auditori Municipal.<\/p>\n<p><strong>Dissabte 26:<\/strong><\/p>\n<p>A les 18:15 hores passacarrers de recollida de nous m\u00fasics.<\/p>\n<p>Concert de la Banda Simf\u00f2nica de la CIUM, amb Anna Pened\u00e9s Soler com a clarinet solista. A les 19:15 hores a l&#8217;Auditori Municipal, amb el seg\u00fcent programa:<\/p>\n<ul>\n<li>Benvinguda i presentaci\u00f3 de nous m\u00fasics.<\/li>\n<li>I part del concert<\/li>\n<li>Entreacte:\n<ul>\n<li>Lliurament del premi del concurs de fotografia<\/li>\n<li>Lliurament d&#8217;instruments i diplomes als nous educands<\/li>\n<li>Reconeixement a m\u00fasics en actiu de la CIUM<\/li>\n<\/ul>\n<\/li>\n<li>II part del concert<\/li>\n<li>Parlaments<\/li>\n<\/ul>\n<p><strong>Diumenge 27<\/strong>:<\/p>\n<p>Despert\u00e0 a les 7:00 hores, i passacarrers a les 11:00 hores, continuant amb la missa per Santa Cec\u00edlia a les 11:30 hores amb la participaci\u00f3 dels grups instrumentals i els cors de la CIUM i el parroquial. En acabar la missa, es traslladar\u00e0 a la Santa fins el domicili de la Ceciliana Major, Pilar Pericas Miralles.<\/p>\n<p>El vi d&#8217;honor i la traca posaran el colof\u00f3 a la setmana de celebraci\u00f3 de Santa Cec\u00edlia.<\/p>\n<p>&nbsp;<\/p>\n","protected":false},"excerpt":{"rendered":"<p>La societat musical inclou dos concerts, els dissabtes 19 i 26 de novembre, a m\u00e9s d&#8217;audicions i activitats l\u00fadiques i esportives. La missa per Santa Cec\u00edlia tancar\u00e0 la setmana cultural el diumenge 27.<\/p>\n","protected":false},"author":2,"featured_media":0,"comment_status":"closed","ping_status":"closed","sticky":false,"template":"","format":"standard","meta":{"footnotes":""},"categories":[56],"tags":[],"class_list":["post-2778","post","type-post","status-publish","format-standard","hentry","category-societats-musicals"],"_links":{"self":[{"href":"https:\/\/fsmcv.org\/vl\/wp-json\/wp\/v2\/posts\/2778","targetHints":{"allow":["GET"]}}],"collection":[{"href":"https:\/\/fsmcv.org\/vl\/wp-json\/wp\/v2\/posts"}],"about":[{"href":"https:\/\/fsmcv.org\/vl\/wp-json\/wp\/v2\/types\/post"}],"author":[{"embeddable":true,"href":"https:\/\/fsmcv.org\/vl\/wp-json\/wp\/v2\/users\/2"}],"replies":[{"embeddable":true,"href":"https:\/\/fsmcv.org\/vl\/wp-json\/wp\/v2\/comments?post=2778"}],"version-history":[{"count":0,"href":"https:\/\/fsmcv.org\/vl\/wp-json\/wp\/v2\/posts\/2778\/revisions"}],"wp:attachment":[{"href":"https:\/\/fsmcv.org\/vl\/wp-json\/wp\/v2\/media?parent=2778"}],"wp:term":[{"taxonomy":"category","embeddable":true,"href":"https:\/\/fsmcv.org\/vl\/wp-json\/wp\/v2\/categories?post=2778"},{"taxonomy":"post_tag","embeddable":true,"href":"https:\/\/fsmcv.org\/vl\/wp-json\/wp\/v2\/tags?post=2778"}],"curies":[{"name":"wp","href":"https:\/\/api.w.org\/{rel}","templated":true}]}}