{"id":2854,"date":"2016-11-11T10:10:53","date_gmt":"2016-11-11T09:10:53","guid":{"rendered":"http:\/\/fsmcv.org\/?post_type=fsmcv-noticias&#038;p=2854"},"modified":"2021-04-13T13:29:20","modified_gmt":"2021-04-13T11:29:20","slug":"la-fsmcv-reclama-a-la-jornada-sobre-comptabilitat-i-fiscalitat-dentitats-no-lucratives-un-tractament-just-per-les-ssmm","status":"publish","type":"post","link":"https:\/\/fsmcv.org\/vl\/societats-musicals\/la-fsmcv-reclama-a-la-jornada-sobre-comptabilitat-i-fiscalitat-dentitats-no-lucratives-un-tractament-just-per-les-ssmm\/","title":{"rendered":"La FSMCV reclama a la Jornada Sobre Comptabilitat i Fiscalitat d&#8217;Entitats No Lucratives un tractament just per les SSMM"},"content":{"rendered":"<p>Val\u00e8ncia, 11 de novembre del 2016\n<\/p>\n<p><strong><span class=\"texto\">El tresorer i responsable de l&#8217;\u00e0rea jur\u00eddica i econ\u00f2mica de la FSMCV, Luis Vidal, particip\u00e0 ahir a la jornada sobre comptabilitat i fiscalitat d&#8217;Entitats No Lucratives organitzada pel Registre d&#8217;Economistes i Assesors Fiscals, a la qual va coincidir amb els ponents, ex alts c\u00e0rrecs de l&#8217;Institut de Comptabilitat i Auditoria de Comptes (ICAC) i d&#8217;Hisenda en la urgent necessitat de reformar i millorar el tractament fiscal de les associacions, de forma que existisca un marc normatiu que protegisca la innegable contribuci\u00f3 a l&#8217;inter\u00e9s general d&#8217;aquestes entitats, entre elles les SSMM.<\/span><\/strong><\/p>\n<div>En eixe sentit,<strong> Luis Vidal<\/strong> va exposar <strong>l&#8217;injust tractament de les rendes obteses per les actuacions musicals<\/strong>, que malgrat coincidir amb la finalitat social de les SSMM, no estan exemptes i tributen en l&#8217;impost sobre societats al mateix tipus de gravamen que les obtingudes per una empresa. Tamb\u00e9 va destacar les<strong> totalment injustificades traves<\/strong> que Hisenda est\u00e0 posant per poder accedir a un millor r\u00e8gim d&#8217;incentius fiscals mitjan\u00e7ant la declaraci\u00f3 d&#8217;utilitat p\u00fablica.<\/p>\n<div>Tamb\u00e9 els va plantejar la necessitat de que les<strong> compensacions de despeses que reben els voluntaris<\/strong> per la seua participaci\u00f3 en les activitats que desevolupa la entitat (en el nostre cas els m\u00fasics aficionats), estiguen exemptes de tributaci\u00f3 en <strong>IRPF<\/strong> en la quantitat que no supere l&#8217;import de despeses i dietes exemptes per als treballadors.<\/p>\n<div>Els ponents van animar a la <strong>FSMCV<\/strong> a presentar les seues reivindicacions i van considerar que l&#8217;escenari pol\u00edtic actual, amb abs\u00e8ncia d&#8217;una majoria clara en el Congr\u00e9s, pot facilitar el suport dels grups pol\u00edtics en un moment en el qual sembla que pot reprendre&#8217;s per fi la<strong> reforma de la Llei de Mecenatge<\/strong>.<\/p>\n<div>Per la seua banda, tal como es va exposar a<strong> l&#8217;Assemblea General de la FSMCV<\/strong> celebrada el mes passat a <strong>Cullera<\/strong>, el grup de treball de la<strong> Universitat de Val\u00e8ncia<\/strong> ja ha iniciat l&#8217;estudi encarregat per la Federaci\u00f3 per a proposar millores en el marc normatiu, i en els pr\u00f2xims dies remetr\u00e0 un q\u00fcestionari a les<strong> SSMM<\/strong> amb la finalitat de recaptar dades imprescindibles per con\u00e9ixer la realitat del nostre col\u00b7lectiu i que les seues propostes d\u00f3nen una adequada resposta als problemes de les SSMM en aquest \u00e0mbit.<\/div>\n<p>&nbsp;<br \/>\n&nbsp;<\/p>\n","protected":false},"excerpt":{"rendered":"<p>El tresorer i responsable de l&#8217;\u00e0rea jur\u00eddica de la Federaci\u00f3, Luis Vidal, coincid\u00ed amb la resta de ponents en la necessitat de reformar la fiscalitat que afecta a les SSMM i que les obliga a tributar a l&#8217;impost de societats com la resta d&#8217;empreses<\/p>\n","protected":false},"author":2,"featured_media":0,"comment_status":"closed","ping_status":"closed","sticky":false,"template":"","format":"standard","meta":{"footnotes":""},"categories":[56],"tags":[],"class_list":["post-2854","post","type-post","status-publish","format-standard","hentry","category-societats-musicals"],"_links":{"self":[{"href":"https:\/\/fsmcv.org\/vl\/wp-json\/wp\/v2\/posts\/2854","targetHints":{"allow":["GET"]}}],"collection":[{"href":"https:\/\/fsmcv.org\/vl\/wp-json\/wp\/v2\/posts"}],"about":[{"href":"https:\/\/fsmcv.org\/vl\/wp-json\/wp\/v2\/types\/post"}],"author":[{"embeddable":true,"href":"https:\/\/fsmcv.org\/vl\/wp-json\/wp\/v2\/users\/2"}],"replies":[{"embeddable":true,"href":"https:\/\/fsmcv.org\/vl\/wp-json\/wp\/v2\/comments?post=2854"}],"version-history":[{"count":0,"href":"https:\/\/fsmcv.org\/vl\/wp-json\/wp\/v2\/posts\/2854\/revisions"}],"wp:attachment":[{"href":"https:\/\/fsmcv.org\/vl\/wp-json\/wp\/v2\/media?parent=2854"}],"wp:term":[{"taxonomy":"category","embeddable":true,"href":"https:\/\/fsmcv.org\/vl\/wp-json\/wp\/v2\/categories?post=2854"},{"taxonomy":"post_tag","embeddable":true,"href":"https:\/\/fsmcv.org\/vl\/wp-json\/wp\/v2\/tags?post=2854"}],"curies":[{"name":"wp","href":"https:\/\/api.w.org\/{rel}","templated":true}]}}