{"id":2859,"date":"2016-11-16T10:25:08","date_gmt":"2016-11-16T09:25:08","guid":{"rendered":"http:\/\/fsmcv.org\/?post_type=fsmcv-noticias&#038;p=2859"},"modified":"2021-04-13T13:26:15","modified_gmt":"2021-04-13T11:26:15","slug":"llega-el-v-ciclo-las-bandas-de-la-provincia-de-alicante-al-adda","status":"publish","type":"post","link":"https:\/\/fsmcv.org\/vl\/societats-musicals\/llega-el-v-ciclo-las-bandas-de-la-provincia-de-alicante-al-adda\/","title":{"rendered":"Arriba el V Cicle Les Bandes de la prov\u00edcia d&#8217;Alacant a l&#8217;ADDA"},"content":{"rendered":"<p>Alacant, 16 de novembre del 2016<\/p>\n<p><strong><span class=\"texto\">La Fundaci\u00f3 ADDA organitza i patrocina per a l&#8217;any 2017 el V Cicle Les Bandes de la Prov\u00edncia d&#8217;Alacant a l&#8217;ADDA, amb la col\u00b7laboraci\u00f3 de la FSMCV.<\/span><\/strong><\/p>\n<p>El projecte t\u00e9 la finalitat de presentar a <strong>l&#8217;Auditori de la Diputaci\u00f3 d&#8217;Alacant<\/strong> un cicle de <strong>12 concerts<\/strong>, amb una diversitat de projectes que proposaran les pr\u00f2pies societats musicals interessades en participar.<\/p>\n<p>Les bandes que desitgen participar al Cicle hauran de sol\u00b7licitar-ho mitjan\u00e7ant la fitxa d&#8217;inscripci\u00f3 per a tal fi, que ha d&#8217;enviar-se escanejada tant a la <strong>FSMCV<\/strong> com a la Fundaci\u00f3 de la Comunitat Valenciana Auditori de la Diputaci\u00f3 d&#8217;Alacant,<strong> ADDA<\/strong>. L&#8217;\u00faltim dia per a realitzar la inscripci\u00f3 \u00e9s el pr\u00f2xim 9 de novembre.<\/p>\n<p><strong>La Fundaci\u00f3 ADDA<\/strong> abonar\u00e0 a cada societat musical que haja estat seleccionada per la comissi\u00f3 mixta per participar al Cicle un total de 2000\u20ac en concepte d&#8217;actuaci\u00f3 de la Banda de M\u00fasica, IVA incl\u00f2s, una vegada s&#8217;haja celebrat el concert.<\/p>\n<p>Per a la selecci\u00f3 de bandes que participaran la comissi\u00f3 mixta, formada per dos representants de la<strong> Fundaci\u00f3 ADDA<\/strong> i dos de la FSMCV, valorar\u00e0 els seg\u00fcents criteris:<\/p>\n<ul>\n<li style=\"padding-left: 30px;\">D&#8217;1 a 5 punts, el projecte presentat d&#8217;acord amb l&#8217;inter\u00e9s art\u00edstic, la varietat tem\u00e0tica, la commemoraci\u00f3 d&#8217;efem\u00e8rides musicals (aniversaris de les SSMM m\u00faltiplos de 25, autors, m\u00fasics&#8230;).<\/li>\n<li style=\"padding-left: 30px;\">Les bandes que no han participat anteriorment al cicle tindran prefer\u00e8ncia sobre les que s\u00ed han participat, atorgant-se 0 punts a les que van participar enguany, 2 punt a les que ho van fer el 2015, 2 punts si fou en 2014 i 3 punts si no s&#8217;ha actuat els \u00faltims 3 cicles.<\/li>\n<li style=\"padding-left: 30px;\">D&#8217;1 a 3 punts, es valorar\u00e0 segons el Barem Federal de la FSMCV vigent. En cas d&#8217;haver seleccionat m\u00e9s de 12 societats, es donar\u00e0 prioritat a les que tinguen una major puntuaci\u00f3 a aquest barem.<\/li>\n<\/ul>\n<p>La presentaci\u00f3 d&#8217;un projecte original i interessant, b\u00e9 per la seua tem\u00e0tica, contingut, originalitat o qualitat, tindr\u00e0 un pes espec\u00edfic important en la selecci\u00f3 de les SSMM participants.<\/p>\n<p>Podeu consultar el<a href=\"http:\/\/www.fsmcv.org\/news\/ciclo_adda_convocatoria_inscripcion.pdf\" target=\"_blank\" rel=\"noopener noreferrer\"> text de la convocat\u00f2ria i la fitxa d&#8217;inscripci\u00f3 ac\u00ed<\/a>. Recordeu que la sol\u00b7licitud de participaci\u00f3 s&#8217;ha de enviar com a m\u00e0xim el 9 de desembre.<\/p>\n<p>&nbsp;<\/p>\n","protected":false},"excerpt":{"rendered":"<p>La Fundaci\u00f3 ADDA organitza i patrocina, amb la col\u00b7laboraci\u00f3 de la FSMCV, la nova edici\u00f3 del cicle de bandes adre\u00e7ades a les societats musicals de la prov\u00edncia d&#8217;Alacant, amb 12 concerts a celebrar en l&#8217;Auditori de la Diputaci\u00f3 d&#8217;Alacant<\/p>\n","protected":false},"author":2,"featured_media":0,"comment_status":"closed","ping_status":"closed","sticky":false,"template":"","format":"standard","meta":{"footnotes":""},"categories":[56],"tags":[],"class_list":["post-2859","post","type-post","status-publish","format-standard","hentry","category-societats-musicals"],"_links":{"self":[{"href":"https:\/\/fsmcv.org\/vl\/wp-json\/wp\/v2\/posts\/2859","targetHints":{"allow":["GET"]}}],"collection":[{"href":"https:\/\/fsmcv.org\/vl\/wp-json\/wp\/v2\/posts"}],"about":[{"href":"https:\/\/fsmcv.org\/vl\/wp-json\/wp\/v2\/types\/post"}],"author":[{"embeddable":true,"href":"https:\/\/fsmcv.org\/vl\/wp-json\/wp\/v2\/users\/2"}],"replies":[{"embeddable":true,"href":"https:\/\/fsmcv.org\/vl\/wp-json\/wp\/v2\/comments?post=2859"}],"version-history":[{"count":0,"href":"https:\/\/fsmcv.org\/vl\/wp-json\/wp\/v2\/posts\/2859\/revisions"}],"wp:attachment":[{"href":"https:\/\/fsmcv.org\/vl\/wp-json\/wp\/v2\/media?parent=2859"}],"wp:term":[{"taxonomy":"category","embeddable":true,"href":"https:\/\/fsmcv.org\/vl\/wp-json\/wp\/v2\/categories?post=2859"},{"taxonomy":"post_tag","embeddable":true,"href":"https:\/\/fsmcv.org\/vl\/wp-json\/wp\/v2\/tags?post=2859"}],"curies":[{"name":"wp","href":"https:\/\/api.w.org\/{rel}","templated":true}]}}