{"id":2877,"date":"2016-11-23T12:04:40","date_gmt":"2016-11-23T11:04:40","guid":{"rendered":"http:\/\/fsmcv.org\/?post_type=fsmcv-noticias&#038;p=2877"},"modified":"2021-04-13T13:22:11","modified_gmt":"2021-04-13T11:22:11","slug":"gran-repercussio-de-les-societats-musicals-als-mitjans-en-el-dia-de-santa-cecilia","status":"publish","type":"post","link":"https:\/\/fsmcv.org\/vl\/societats-musicals\/gran-repercussio-de-les-societats-musicals-als-mitjans-en-el-dia-de-santa-cecilia\/","title":{"rendered":"Gran repercussi\u00f3 de les Societats Musicals als mitjans en el dia de Santa Cec\u00edlia"},"content":{"rendered":"<p>Val\u00e8ncia, 23 de novembre del 2016<\/p>\n<p><strong><span class=\"texto\">Diversos mitjans de comunicaci\u00f3 s&#8217;han fet eco durant aquestos dies de les activitats i reivindicacions de les societats musicals. La Federaci\u00f3 de Societats Musicals de la Comunitat Valenciana ha estat present a peri\u00f2dics com Las Prov\u00edncias, i en la seua representaci\u00f3, el seu President, Pedro Rodr\u00edguez, ha donat algunes entrevistes a emisores de r\u00e0dio com Radio Nacional de Espa\u00f1a, Radio Alicante Cadena Ser, Radio Valencia Cadena Ser i CV Radio.<\/span><\/strong><\/p>\n<p>Amb la celebraci\u00f3 de <strong>Santa Cec\u00edlia<\/strong>, patrona dels m\u00fasics, les societats musicals han estat m\u00e9s presents que mai, no nom\u00e9s als mitjans sin\u00f3 tamb\u00e9 als carrers, portant aquest art que forma part de la idiosincr\u00e0sia valenciana a tots els racons de la Comunitat Valenciana. Un d&#8217;estos racons fou ahir el <strong>Palau de la Generalitat<\/strong>, que per moments es va convertir en escenari de la interpretaci\u00f3 musical a c\u00e0rrec de la<strong> Societat Musical Poblats Mar\u00edtims<\/strong>.<\/p>\n<p>Aprofitant la celebraci\u00f3 d&#8217;este dia tan especial per a totes les societats musicals, el <strong>President de la Generalitat Valenciana<\/strong> va rebre ahir a representants de la <strong>FSMCV<\/strong> per treballar en una agenda com\u00fa que permeta portar a terme projectes adequats a la gran import\u00e0ncia que este teixit associatiu t\u00e9 a tota la Comunitat Valenciana.<\/p>\n<h3>Les societats musicals i la FSMCV als mitjans<\/h3>\n<p><a href=\"http:\/\/www.lasprovincias.es\/valencia-ciudad\/201611\/23\/bandas-musica-tomaran-comunitat-20161123003532-v.html\" target=\"_blank\" rel=\"noopener\">Las Provincias: &#8220;Las bandas de m\u00fasica tomar\u00e1n la Comunitat&#8221;<\/a>.<\/p>\n<p><a href=\"http:\/\/www.cvradio.es\/2016\/11\/22\/pedro-rodriguez-presidente-de-la-federacion-de-sociedades-musicales-de-la-comunitat\/\" target=\"_blank\" rel=\"noopener\">Entrevista a Pedro Rodr\u00edguez en CV Radio<\/a>.<\/p>\n<p><a href=\"http:\/\/www.rtve.es\/m\/alacarta\/audios\/13-horas-comunidad-valenciana\/13-comunidad-valenciana-puig-urgencia-cambio-financiacion-no-discutible-221116\/3809108\" target=\"_blank\" rel=\"noopener\">Entrevista a Pedro Rodr\u00edguez en RNE<\/a>\u00a0(a partir del minut 3:17).<\/p>\n<p><a href=\"http:\/\/play.cadenaser.com\/widget\/audio\/004RD010000000259171\/\" target=\"_blank\" rel=\"noopener\">Entrevista a Pedro Rodr\u00edguez en Radio Valencia, el passat 21 de novembre<\/a>, v\u00edspera de Santa Cecilia, al voltant de la manca de finan\u00e7ament i l&#8217;agravi comparatiu que sofreix el col\u00b7lectiu de les societats musicals respecte de la resta d&#8217;institucions culturals (a partir del minut 33).<\/p>\n<p><a href=\"http:\/\/cadenaser.com\/emisora\/2016\/10\/31\/radio_alicante\/1477937424_762827.html\" target=\"_blank\" rel=\"noopener\">Entrevista a Pedro Rodr\u00edguez en Radio Alicante, el passat 31 d&#8217;octubre<\/a>, al voltant del projecte d&#8217;internacionalitzaci\u00f3 que est\u00e0 incl\u00f2s en l&#8217;agenda de treball amb Presid\u00e8ncia de la Generalitat Valenciana.<\/p>\n<p>&nbsp;<\/p>\n","protected":false},"excerpt":{"rendered":"<p>Diversos mitjans de comunicaci\u00f3 es van fer eco de les activitats i necessitats de les societats musicals aprofitant la celebraci\u00f3 de la patrona de la m\u00fasica <\/p>\n","protected":false},"author":2,"featured_media":0,"comment_status":"closed","ping_status":"closed","sticky":false,"template":"","format":"standard","meta":{"footnotes":""},"categories":[56],"tags":[],"class_list":["post-2877","post","type-post","status-publish","format-standard","hentry","category-societats-musicals"],"_links":{"self":[{"href":"https:\/\/fsmcv.org\/vl\/wp-json\/wp\/v2\/posts\/2877","targetHints":{"allow":["GET"]}}],"collection":[{"href":"https:\/\/fsmcv.org\/vl\/wp-json\/wp\/v2\/posts"}],"about":[{"href":"https:\/\/fsmcv.org\/vl\/wp-json\/wp\/v2\/types\/post"}],"author":[{"embeddable":true,"href":"https:\/\/fsmcv.org\/vl\/wp-json\/wp\/v2\/users\/2"}],"replies":[{"embeddable":true,"href":"https:\/\/fsmcv.org\/vl\/wp-json\/wp\/v2\/comments?post=2877"}],"version-history":[{"count":0,"href":"https:\/\/fsmcv.org\/vl\/wp-json\/wp\/v2\/posts\/2877\/revisions"}],"wp:attachment":[{"href":"https:\/\/fsmcv.org\/vl\/wp-json\/wp\/v2\/media?parent=2877"}],"wp:term":[{"taxonomy":"category","embeddable":true,"href":"https:\/\/fsmcv.org\/vl\/wp-json\/wp\/v2\/categories?post=2877"},{"taxonomy":"post_tag","embeddable":true,"href":"https:\/\/fsmcv.org\/vl\/wp-json\/wp\/v2\/tags?post=2877"}],"curies":[{"name":"wp","href":"https:\/\/api.w.org\/{rel}","templated":true}]}}