{"id":2913,"date":"2016-11-22T14:21:22","date_gmt":"2016-11-22T13:21:22","guid":{"rendered":"http:\/\/fsmcv.org\/?post_type=fsmcv-noticias&#038;p=2913"},"modified":"2021-04-13T13:22:41","modified_gmt":"2021-04-13T11:22:41","slug":"la-rotovense-musical-celebra-este-cap-de-setmana-els-actes-en-honor-a-santa-cecilia","status":"publish","type":"post","link":"https:\/\/fsmcv.org\/vl\/societats-musicals\/la-rotovense-musical-celebra-este-cap-de-setmana-els-actes-en-honor-a-santa-cecilia\/","title":{"rendered":"La Rotovense Musical celebra este cap de setmana els actes en honor a Santa Cec\u00edlia"},"content":{"rendered":"<p>R\u00f2tova, 22 de novembre del 2016<\/p>\n<p><strong>La societat Rotovense Musical ha organitzat este cap de setmana els actes per celebrar Santa Cec\u00edlia, la patrona dels m\u00fasics. La programaci\u00f3 comen\u00e7ar\u00e0 el divendres 25 i continuar\u00e0 fins el diumenge 27, amb diferents activitats musicals, gastron\u00f2miques i l\u00fadiques per a tots.<br \/>\n<\/strong><br \/>\nEl divendres 25 a partir de les 20:30 tindran lloc les audicions de grups musicals a <strong>La Nau<\/strong>. Continuar\u00e0 amb el sopar de pa i porta i l&#8217;assaig a la nau, i despr\u00e9s nit de truc.<\/p>\n<p>El dissabte les activitats musicals comen\u00e7aran a les 19 hores, amb el passacarrer de Santa Cec\u00edlia pels carrers de R\u00f2tova i l&#8217;arreplegada de la nova integrant de la banda que s&#8217;incorpora enguany, <strong>Mireia Millet Soler<\/strong> que toca la flauta travessera.<\/p>\n<p>El concert especial de Santa Cec\u00edlia comen\u00e7ar\u00e0 a les 20:30 a la Nau de R\u00f2tova, activitat que continuar\u00e0 amb el sopar de germanor a les 22 hores a La Nau.<\/p>\n<p>Els actes especials per la celebraci\u00f3 de la patrona de la m\u00fasica finalitzaran el diumenge. A partir de les 11 hores tindr\u00e0 lloc el passacarrer, la missa en honor a Santa Cec\u00edlia a les 12h en la <strong>Parr\u00f2quia Sant Bertomeu<\/strong> i despr\u00e9s el dinar de germanor a La Nau, a partir de les 14h.<\/p>\n","protected":false},"excerpt":{"rendered":"<p>Els actes programats en honor a la patrona dels m\u00fasics comen\u00e7ar\u00e0 el divendres 25, dissabte es celebrar\u00e0 el concert de Santa cec\u00edlia, i la missa de diumenge tancar\u00e0 la programaci\u00f3 especial en honor a la m\u00e0rtir<\/p>\n","protected":false},"author":2,"featured_media":0,"comment_status":"closed","ping_status":"closed","sticky":false,"template":"","format":"standard","meta":{"footnotes":""},"categories":[56],"tags":[],"class_list":["post-2913","post","type-post","status-publish","format-standard","hentry","category-societats-musicals"],"_links":{"self":[{"href":"https:\/\/fsmcv.org\/vl\/wp-json\/wp\/v2\/posts\/2913","targetHints":{"allow":["GET"]}}],"collection":[{"href":"https:\/\/fsmcv.org\/vl\/wp-json\/wp\/v2\/posts"}],"about":[{"href":"https:\/\/fsmcv.org\/vl\/wp-json\/wp\/v2\/types\/post"}],"author":[{"embeddable":true,"href":"https:\/\/fsmcv.org\/vl\/wp-json\/wp\/v2\/users\/2"}],"replies":[{"embeddable":true,"href":"https:\/\/fsmcv.org\/vl\/wp-json\/wp\/v2\/comments?post=2913"}],"version-history":[{"count":0,"href":"https:\/\/fsmcv.org\/vl\/wp-json\/wp\/v2\/posts\/2913\/revisions"}],"wp:attachment":[{"href":"https:\/\/fsmcv.org\/vl\/wp-json\/wp\/v2\/media?parent=2913"}],"wp:term":[{"taxonomy":"category","embeddable":true,"href":"https:\/\/fsmcv.org\/vl\/wp-json\/wp\/v2\/categories?post=2913"},{"taxonomy":"post_tag","embeddable":true,"href":"https:\/\/fsmcv.org\/vl\/wp-json\/wp\/v2\/tags?post=2913"}],"curies":[{"name":"wp","href":"https:\/\/api.w.org\/{rel}","templated":true}]}}