{"id":2946,"date":"2016-11-24T16:57:12","date_gmt":"2016-11-24T15:57:12","guid":{"rendered":"http:\/\/fsmcv.org\/?post_type=fsmcv-noticias&#038;p=2946"},"modified":"2021-04-13T13:20:25","modified_gmt":"2021-04-13T11:20:25","slug":"la-union-musical-artistica-de-sax-presenta-este-sabado-a-sus-nuevos-musicos-en-el-concierto-de-santa-cecilia","status":"publish","type":"post","link":"https:\/\/fsmcv.org\/vl\/societats-musicals\/la-union-musical-artistica-de-sax-presenta-este-sabado-a-sus-nuevos-musicos-en-el-concierto-de-santa-cecilia\/","title":{"rendered":"La Uni\u00f3n Musical Art\u00edstica de Sax presenta este dissabte als seu nous m\u00fasics en el concert de Santa Cec\u00edlia"},"content":{"rendered":"<p>Saix, 24 de noviembre de 2016<\/p>\n<p><strong>La Societat Uni\u00f3n Musical y Art\u00edstica de Sax celebra este cap de setmana l&#8217;acte central de la festivitat de Santa Cec\u00edlia, patrona de la m\u00fasica. Ser\u00e0 amb un concert que tindr\u00e0 lloc este dissabte 26 de novembre a les 17:30 hores en el Teatre Cervantes de Saix.<\/strong><\/p>\n<p>El director titular de la banda,<strong> Pedro Lara<\/strong>, ha preparat un programa amb m\u00fasica d&#8217;autors de la Comunitat Valenciana com <strong>Rafael Mullor<\/strong>, <strong>Santiago Quinto, Ferrer Ferran i \u00d3scar Navarro,<\/strong> totes elles estrenes per a la banda saixenca. Entre les peces que s&#8217;escoltaran al concert es troben la<em> Rapsodia Hernandiana<\/em>, un ballet per al poeta <strong>Miguel Hern\u00e1ndez<\/strong> compost pel mestre<strong> Santiago Quinto<\/strong>, o l&#8217;obra <em>El Olimpo de los dioses<\/em>, una espectacular suite del compositor novelder <strong>\u00d3scar Navarro<\/strong>. A m\u00e9s, s&#8217;estrenar\u00e0 el pasdoble de <strong>Ferrer Ferran<\/strong> titulat <em>Visi la modista.<\/em><\/p>\n<p>Abans del concert, la banda donar\u00e0 la benvinguda de manera oficial als sis m\u00fasics que s&#8217;incorporen enguany a la fam\u00edlia de la<strong> Uni\u00f3n Musical<\/strong> i que f\u00f3ren recollits en les seues cases el diumenge pels seus companys. Es tracta de<strong> Carla Navarro<\/strong> (flauta),<strong> Antonio Pay\u00e0 i M\u00aa Isabel Pe\u00f1ataro<\/strong> (clarinets), <strong>Sara Gorreta<\/strong> (saxo) i<strong> Antonio Fern\u00e1ndez-Luna i Rodrigo Ochoa<\/strong> (trombons). A m\u00e9s, a l&#8217;intermedi es realitzar\u00e0 el tradicional sorteig de regals donats pels comerciants de<strong> Sax<\/strong> a l&#8217;<strong>Agrupaci\u00f3 Santa Cec\u00edlia<\/strong>, amb el qual es recaptaran fons per ajudar a la banda.<\/p>\n<p>Despr\u00e9s, m\u00fasics, familiars i simpatitzants de la banda disfrutaran d&#8217;un sopar de germanor, que enguany es realitza en el local de la <strong>Comparsa de Turcos<\/strong>.<\/p>\n","protected":false},"excerpt":{"rendered":"<p>La m\u00fasica d&#8217;autors valencians ser\u00e0 la protagonista del concert extraordinari que oferiran els m\u00fasics saixencs este dissabte a les 17:30 hores en el Teatre Cervantes <\/p>\n","protected":false},"author":2,"featured_media":0,"comment_status":"closed","ping_status":"closed","sticky":false,"template":"","format":"standard","meta":{"footnotes":""},"categories":[56],"tags":[],"class_list":["post-2946","post","type-post","status-publish","format-standard","hentry","category-societats-musicals"],"_links":{"self":[{"href":"https:\/\/fsmcv.org\/vl\/wp-json\/wp\/v2\/posts\/2946","targetHints":{"allow":["GET"]}}],"collection":[{"href":"https:\/\/fsmcv.org\/vl\/wp-json\/wp\/v2\/posts"}],"about":[{"href":"https:\/\/fsmcv.org\/vl\/wp-json\/wp\/v2\/types\/post"}],"author":[{"embeddable":true,"href":"https:\/\/fsmcv.org\/vl\/wp-json\/wp\/v2\/users\/2"}],"replies":[{"embeddable":true,"href":"https:\/\/fsmcv.org\/vl\/wp-json\/wp\/v2\/comments?post=2946"}],"version-history":[{"count":0,"href":"https:\/\/fsmcv.org\/vl\/wp-json\/wp\/v2\/posts\/2946\/revisions"}],"wp:attachment":[{"href":"https:\/\/fsmcv.org\/vl\/wp-json\/wp\/v2\/media?parent=2946"}],"wp:term":[{"taxonomy":"category","embeddable":true,"href":"https:\/\/fsmcv.org\/vl\/wp-json\/wp\/v2\/categories?post=2946"},{"taxonomy":"post_tag","embeddable":true,"href":"https:\/\/fsmcv.org\/vl\/wp-json\/wp\/v2\/tags?post=2946"}],"curies":[{"name":"wp","href":"https:\/\/api.w.org\/{rel}","templated":true}]}}