{"id":2951,"date":"2016-11-24T17:23:12","date_gmt":"2016-11-24T16:23:12","guid":{"rendered":"http:\/\/fsmcv.org\/?post_type=fsmcv-noticias&#038;p=2951"},"modified":"2021-04-13T13:20:13","modified_gmt":"2021-04-13T11:20:13","slug":"cap-de-setmana-mogudet-per-a-la-banda-de-castalla","status":"publish","type":"post","link":"https:\/\/fsmcv.org\/vl\/societats-musicals\/cap-de-setmana-mogudet-per-a-la-banda-de-castalla\/","title":{"rendered":"Cap de setmana mogudet per a la banda de Castalla"},"content":{"rendered":"<p>Val\u00e8ncia, 24 de novembre del 2016<\/p>\n<p><strong>El proper cap de setmana moltes bandes de m\u00fasica celebren la Festivitat de la seua patrona, Santa Cec\u00edlia, amb concerts, conviv\u00e8ncies, concentracions, dinars, sopars, etc. Nombroses activitats que moltes societats han de distribuir en diversos caps de setmana perqu\u00e8 es fa molt dif\u00edcil compaginar-les totes. Per\u00f2 per a l\u2019Agrupaci\u00f3 Musical Santa Cec\u00edlia de Castalla aix\u00f2 no \u00e9s cap problema. En aquesta banda aconsegueixen comprimir l\u2019agenda per a realitzar tots els seus actes en tan sols dos dies.<\/strong><\/p>\n<p>El divendres 25 de Novembre a les 20:30h realitzar\u00e0n un<strong> Assaig General Obert al P\u00fablic.<\/strong> Aquesta \u00e9s una modalitat d\u2019actuaci\u00f3 on l&#8217;interacci\u00f3 entre banda i els assistents al concert \u00e9s molt m\u00e9s propera. Es pot dir que, m\u00e9s que d\u2019un concert formal es tracta d&#8217;un assaig on els assistents podran veure com treballa i es prepara la banda per al seu concert m\u00e9s important i, alhora, gaudir de les explicacions que el director fa de cadascuna de les obres.<\/p>\n<p>El dissabte 26 de Novembre a les 19:30h tindr\u00e0 lloc el<strong> Concert Extraordinari de Santa Cec\u00edlia<\/strong> <strong>2016<\/strong> sota la direcci\u00f3 del mestre <strong>Sa\u00fcl G\u00f3mez Soler<\/strong>. Aquest concert \u00e9s el m\u00e9s important que celebra la banda durant l&#8217;any. En ell es prepara un repertori de major dificultat i es treballa de valent per a oferir una actuaci\u00f3 de gran nivell musical. \u201c<em>Preparar el concert de Santa Cec\u00edlia sempre \u00e9s una responsabilitat perqu\u00e8 el p\u00fablic espera una actuaci\u00f3 de nivell\u201d<\/em> afirma un dels membres de la banda.<\/p>\n<p>Per aquest motiu, el repertori escollit aquest any per al concert de Santa Cec\u00edlia ha estat el seg\u00fcent. En la primera part la banda interpretar\u00e0: <em>\u201cDiscursum\u201d<\/em> de <strong>Carlos Pellicer<\/strong>,<em> \u201cColonial Song\u201d<\/em> de <strong>Percy Grainger<\/strong> i <em>\u201cPraise Jerusalem\u201d<\/em> d<strong>\u2019Alfred Reed<\/strong>. A la segona part escoltarem dos peces del repertori de <strong>Victoriano Valencia<\/strong>, prol\u00edfic compositor colombi\u00e0. En primer lloc<em> \u201cEspiritu\u201d<\/em> i per a tancar el concert la<em> \u201cTercera Suite per a Banda\u201d.<\/em><\/p>\n<p>Com ja \u00e9s tradici\u00f3, en aquest concert es presenta de forma oficial als nous integrants de la banda i se\u2019ls fa entrega d&#8217;un diploma commemoratiu. Aquest any s\u00f3n un total de 5 xiquets i 4 xiquetes els que entraran a formar part de la nostra Agrupaci\u00f3. En concret: un percussionista, dos trombons, dos saxofons, tres clarinets i una trompeta.<\/p>\n<p>Per altra part i com a punt emotiu, cal dir que al concert tamb\u00e9 es retr\u00e0 homenatge a la figura de <strong>Joan Garcia<\/strong>, m\u00e9s conegut per tots com<em> \u201cButxaquetes\u201d<\/em>; un music molt volgut per a la banda que ens ha deixat aquest any.<\/p>\n<p>Despr\u00e9s del concert, tota la banda celebrar\u00e0 un sopar de gala on les rialles i el bon ambient estan assegurats. Aquest any els components de la societat musical podran gaudir d\u2019un animat photocall, una taula dol\u00e7a, Xaranga i moltes sorpreses m\u00e9s, com els divertits premis que la junta directiva atorga al membres de la banda. Entre ells podem destacar els premis de <em>\u201cMiss i mister Santa Sexy\u201d<\/em>, <em>\u201cMiss i mister simpatia\u201d<\/em>, <em>\u201cLlengua d\u2019or\u201d<\/em> o <em>\u201cPremi al m\u00e9s\u00a0puntual als assaigs\u201d.<\/em> Una m\u00e9s que merescuda celebraci\u00f3 per l\u2019intens treball realitzat.<\/p>\n<p>El Diumenge 27 de Novembre es presenta carregat d\u2019actes. Per a comen\u00e7ar, a les 10:00h, amb les <em>\u201cseq\u00fceles\u201d<\/em> de la nit anterior, l\u2019<strong>Agrupaci\u00f3 Musical Santa Cec\u00edlia<\/strong> iniciar\u00e0 la famosa <strong>Recollida dels nous integrants<\/strong>. En aquest acte la banda desfilar\u00e0 en cercavila des de la seua seu fins la casa de cadascun dels xiquets i xiquetes que entren a la banda. Aquest \u00e9s un acte molt emotiu segons les paraules d\u2019un dels nous integrants de la banda: <em>\u201cNo tots els dies \u00e9s t\u00e9 la sort de que la banda del teu poble t\u2019arreplegue a la porta de casa\u201d<\/em>. A les 12:00h tindr\u00e0 lloc la <strong>Missa en honor a Santa Cec\u00edlia<\/strong> amb intervencions musicals de la banda durant la cerim\u00f2nia.<\/p>\n<p>I a les 13.00h hi haur\u00e0 un Vi d&#8217;honor per als Socis de l<strong>&#8216;Agrupaci\u00f3 Musical Santa Cec\u00edlia de Castalla<\/strong>. En acabar la missa, la banda desfilar\u00e0 en cercavila des de l&#8217;esgl\u00e9sia fins la seua seu on oferir\u00e0 un piscolabis per a tots els socis i amics que vulguen assistir. Com es pot veure un cap de setmana per a gaudir intensament de la m\u00fasica, dels companysi del bon ambient que es respira en l\u2019Agrupaci\u00f3 Musical Santa Cec\u00edlia de Castalla.<\/p>\n","protected":false},"excerpt":{"rendered":"<p>Este cap de setmana l&#8217;Agrupaci\u00f3 Musical Santa Cec\u00edlia de Castalla celebra el seu particular homenatge a la patrona dels m\u00fasics amb una setmana carregada d&#8217;actes <\/p>\n","protected":false},"author":2,"featured_media":0,"comment_status":"closed","ping_status":"closed","sticky":false,"template":"","format":"standard","meta":{"footnotes":""},"categories":[56],"tags":[],"class_list":["post-2951","post","type-post","status-publish","format-standard","hentry","category-societats-musicals"],"_links":{"self":[{"href":"https:\/\/fsmcv.org\/vl\/wp-json\/wp\/v2\/posts\/2951","targetHints":{"allow":["GET"]}}],"collection":[{"href":"https:\/\/fsmcv.org\/vl\/wp-json\/wp\/v2\/posts"}],"about":[{"href":"https:\/\/fsmcv.org\/vl\/wp-json\/wp\/v2\/types\/post"}],"author":[{"embeddable":true,"href":"https:\/\/fsmcv.org\/vl\/wp-json\/wp\/v2\/users\/2"}],"replies":[{"embeddable":true,"href":"https:\/\/fsmcv.org\/vl\/wp-json\/wp\/v2\/comments?post=2951"}],"version-history":[{"count":0,"href":"https:\/\/fsmcv.org\/vl\/wp-json\/wp\/v2\/posts\/2951\/revisions"}],"wp:attachment":[{"href":"https:\/\/fsmcv.org\/vl\/wp-json\/wp\/v2\/media?parent=2951"}],"wp:term":[{"taxonomy":"category","embeddable":true,"href":"https:\/\/fsmcv.org\/vl\/wp-json\/wp\/v2\/categories?post=2951"},{"taxonomy":"post_tag","embeddable":true,"href":"https:\/\/fsmcv.org\/vl\/wp-json\/wp\/v2\/tags?post=2951"}],"curies":[{"name":"wp","href":"https:\/\/api.w.org\/{rel}","templated":true}]}}