{"id":2958,"date":"2016-11-25T17:46:20","date_gmt":"2016-11-25T16:46:20","guid":{"rendered":"http:\/\/fsmcv.org\/?post_type=fsmcv-noticias&#038;p=2958"},"modified":"2021-04-13T13:19:23","modified_gmt":"2021-04-13T11:19:23","slug":"la-societat-musical-de-la-llosa-de-ranes-presenta-a-los-nuevos-musicos-de-2016-en-el-concierto-de-santa-cecilia","status":"publish","type":"post","link":"https:\/\/fsmcv.org\/vl\/societats-musicals\/la-societat-musical-de-la-llosa-de-ranes-presenta-a-los-nuevos-musicos-de-2016-en-el-concierto-de-santa-cecilia\/","title":{"rendered":"[:es]La Societat Musical de la LLosa de Ranes presenta a los nuevos m\u00fasicos de 2016 en el concierto de Santa Cecilia[:]"},"content":{"rendered":"<p>[:es]La Llosa de Ranes, 25 de noviembre de 2016<\/p>\n<p>La <strong>Banda de la Societat Musical de la Llosa de Ranes<\/strong> ofrecer\u00e1 este s\u00e1bado 26 de noviembre su concierto en honor a la patrona de los m\u00fasicos, Santa Cecilia. El acto tendr\u00e1 lugar a partir de las 19 h. en el <strong>Auditorio Municipal Mestre En Vicent Tortosa<\/strong> de<strong> La Llosa de Ranes<\/strong>.<\/p>\n<p>En el concierto, ser\u00e1n presentados los educandos que comienzan a tocar un instrumento este a\u00f1o en la <strong>Escuela de M\u00fasica<\/strong>, y los nuevos m\u00fasicos <strong>Blanca P\u00e9rez Ch\u00e0fer<\/strong> (trompeta), <strong>Carmen Fuentes Pardo<\/strong> (oboe), <strong>Ismael Fuentes Pardo<\/strong> (trompeta), <strong>M\u00edriam Ferrando Pla<\/strong> (flauta),<strong> Clara Llobregat Agust\u00ed<\/strong> (flauta) y<strong> Josep Sanch\u00eds Sabater<\/strong> (clarinete), que despu\u00e9s de un per\u00edodo de trabajo y preparaci\u00f3n entrar\u00e1n a formar parte de la agrupaci\u00f3n musical.<\/p>\n<p>La banda iniciar\u00e1 el concierto bajo la batuta del maestro <strong>Rafa Garc\u00eda Vidal<\/strong>, quien se despide de la agrupaci\u00f3n despu\u00e9s de dos a\u00f1os de trabajo, dirigiendo el pasodoble <em>&#8220;El Olmo&#8221;<\/em> de<strong> Francisco Jos\u00e9 Mart\u00ednez Gallego<\/strong>. Despu\u00e9s, se presentar\u00e1 oficialmente a <strong>Rafa Grau Vilar<\/strong> como nuevo maestro director, quien ha preparado para la primera parte <em>&#8220;Pe\u00f1a Vinaza&#8221;<\/em>, pasodoble de <strong>Mariano Puig Yag\u00f3<\/strong>, <em>&#8220;Aurora (estampa musical)&#8221;<\/em> de <strong>Jos\u00e9 Manuel Izquierdo Romeu<\/strong>, y la suite<em> &#8220;Diego de Acevedo&#8221;<\/em> del maestro <strong>Miguel Asins Arb\u00f3.<\/strong><\/p>\n<p>En la segunda parte del concierto la banda interpretar\u00e1, bajo la batuta del maestro de <strong>Villanueva de Castell\u00f3n<\/strong> <em>&#8220;Carmesina&#8221;<\/em>, pasodoble de concierto de<strong> Manuel Morales Mart\u00ednez<\/strong> y la suite sinf\u00f3nica <em>&#8220;El olimpo de los dioses&#8221;<\/em>, de <strong>\u00d3scar Navarro<\/strong>.<\/p>\n<p>Los m\u00fasicos y el maestro director han realizado un gran trabajo en el \u00faltimo mes y medio para ofrecer este magn\u00edfico concierto con el deseo de que el p\u00fablico asistente disfrute de una tarde de buena m\u00fasica.<\/p>\n<p>Los actos por Santa Cecilia comenzaron el pasado s\u00e1bado 19 de noviembre con el almuerzo de m\u00fasicos y una comida de degustaci\u00f3n de un <em>&#8220;asado argentino&#8221;<\/em>. El domingo 20 de noviembre la banda recogi\u00f3 a los nuevos m\u00fasicos en su domicilio y asistieron a la tradicional misa en honor a Santa Cecilia, su patrona. El d\u00eda acab\u00f3 con una comida de hermandad en el local social de la Sociedad Musical.<\/p>\n<p>Esta tarde se ofrecer\u00e1 una merienda para todos los alumnos de la escuela de m\u00fasica<em> &#8220;Miguel Esparza&#8221;<\/em> y la fiesta finalizar\u00e1 ma\u00f1ana con el <strong>concierto extraordinario de Santa Cecilia<\/strong> y una cena de los m\u00fasicos en la <strong>Sala Parad\u00eds<\/strong>.[:]<\/p>\n","protected":false},"excerpt":{"rendered":"<p>[:es]La banda de la Societat Musical de la Llosa de Ranes celebra este s\u00e1bado su concierto de Santa Cecilia, en el que presentar\u00e1 a los m\u00fasicos que pasar\u00e1n este a\u00f1o a formar parte de la banda [:]<\/p>\n","protected":false},"author":2,"featured_media":0,"comment_status":"closed","ping_status":"closed","sticky":false,"template":"","format":"standard","meta":{"footnotes":""},"categories":[56],"tags":[],"class_list":["post-2958","post","type-post","status-publish","format-standard","hentry","category-societats-musicals"],"_links":{"self":[{"href":"https:\/\/fsmcv.org\/vl\/wp-json\/wp\/v2\/posts\/2958","targetHints":{"allow":["GET"]}}],"collection":[{"href":"https:\/\/fsmcv.org\/vl\/wp-json\/wp\/v2\/posts"}],"about":[{"href":"https:\/\/fsmcv.org\/vl\/wp-json\/wp\/v2\/types\/post"}],"author":[{"embeddable":true,"href":"https:\/\/fsmcv.org\/vl\/wp-json\/wp\/v2\/users\/2"}],"replies":[{"embeddable":true,"href":"https:\/\/fsmcv.org\/vl\/wp-json\/wp\/v2\/comments?post=2958"}],"version-history":[{"count":0,"href":"https:\/\/fsmcv.org\/vl\/wp-json\/wp\/v2\/posts\/2958\/revisions"}],"wp:attachment":[{"href":"https:\/\/fsmcv.org\/vl\/wp-json\/wp\/v2\/media?parent=2958"}],"wp:term":[{"taxonomy":"category","embeddable":true,"href":"https:\/\/fsmcv.org\/vl\/wp-json\/wp\/v2\/categories?post=2958"},{"taxonomy":"post_tag","embeddable":true,"href":"https:\/\/fsmcv.org\/vl\/wp-json\/wp\/v2\/tags?post=2958"}],"curies":[{"name":"wp","href":"https:\/\/api.w.org\/{rel}","templated":true}]}}