{"id":2967,"date":"2016-11-25T18:05:10","date_gmt":"2016-11-25T17:05:10","guid":{"rendered":"http:\/\/fsmcv.org\/?post_type=fsmcv-noticias&#038;p=2967"},"modified":"2021-04-13T13:17:33","modified_gmt":"2021-04-13T11:17:33","slug":"la-societat-joventut-musical-dalbal-celebra-el-40-aniversari-de-la-seua-refundacio","status":"publish","type":"post","link":"https:\/\/fsmcv.org\/vl\/societats-musicals\/la-societat-joventut-musical-dalbal-celebra-el-40-aniversari-de-la-seua-refundacio\/","title":{"rendered":"La Societat Joventut Musical d&#8217;Albal celebra el 40 Aniversari de la seua refundaci\u00f3"},"content":{"rendered":"<p>Val\u00e8ncia, 25 de novembre del 2016<\/p>\n<p><strong>La Societat Joventut Musical d&#8217;Albal va viure este passat cap de setmana les celebracions m\u00e9s destacades de les programades per a la festivitat de Santa Cec\u00edlia.<\/strong><\/p>\n<p>Les activitats comen\u00e7aven divendres a la nit amb la ja tradicional<strong> Nit de Ronda<\/strong>, on els m\u00fasics de la <strong>Banda Simf\u00f2nica<\/strong> van visitar en passacarrer festiu les cases dels nous components d&#8217;esta, que oferien un xicotet refrigeri als assistents.<\/p>\n<p>L&#8217;endem\u00e0, un passacarrer de recollida de la Musa 2015\/16 <strong>Leticia Ferrer<\/strong> i la Musa 2016\/17 <strong>Bel\u00e9n Mart\u00ednez<\/strong> marcava el preludi d&#8217;una vesprada carregada d&#8217;emocions. La <strong>SJMA<\/strong> va retre homenatge, coincidint amb la celebraci\u00f3 del 40 aniversari de la refundaci\u00f3 de la Banda, tant als m\u00fasics de la refundaci\u00f3 com als diferents presidents que per ella han passat. Aix\u00ed, per l&#8217;escenari van passar expresidents com<strong> Marina Puchades, Carmen Ferrer, Ildefonsa Herv\u00e1s, Jos\u00e9 Ram\u00edrez Navarro i Sergio Navarro<\/strong> en nom de <strong>Marcelino Navarro<\/strong> aix\u00ed com els m\u00fasics <strong>Avelino Casasola, Juan Antonio S\u00e1nchez, Rosana Mart\u00ednez, \u00c1ngel Lara, David Ram\u00edrez, Jos\u00e9 Luis Flores, Blas Fern\u00e1ndez, Manuel Pedraza, Manuel Padilla, Vicente Guillem, Ramiro Mart\u00ednez, Salvador Mart\u00ednez i Mois\u00e9s Cebri\u00e1n.<\/strong><\/p>\n<p>En l&#8217;acte, tamb\u00e9 es va retre homenatge a les tres figures clau en el proc\u00e9s perqu\u00e8 Albal tornara a tindre una Banda de m\u00fasica, <strong>Jos\u00e9 Navarro, Salvador Almela i Francisco P\u00e9rez N\u00e1cher<\/strong> i tamb\u00e9 va ser nomenada oficialment <strong>Bel\u00e9n Mart\u00ednez Baixauli<\/strong> com la Musa de la M\u00fasica 2016\/17. Per tancar l&#8217;acte la <strong>Banda Simf\u00f2nica<\/strong> va oferir un brillant concert sota la batuta del Director <strong>Francesc Arnalte Boronat<\/strong> amb obres com<em> El Olimpo de los Dioses<\/em> d&#8217;<strong>\u00d3scar Navarro<\/strong>,<em> El Rac\u00f3 de l&#8217;Or<\/em> de <strong>Sa\u00fcl G\u00f3mez<\/strong> o el pasdoble <strong>Rex<\/strong>, de l&#8217;albalenc <strong>Francisco Zacar\u00e9s Fort<\/strong>.<\/p>\n<p>La jornada de diumenge arrancava amb el passacarrer de recollida dels nous m\u00fasics de la Simf\u00f2nica i la posterior missa cantada pel<strong> Cor de l&#8217;Escola de M\u00fasica de la SJMA<\/strong> i interpretada per m\u00fasics de la mateixa Banda a l&#8217;<strong>Esgl\u00e9sia Nostra Senyora dels \u00c0ngels<\/strong>. Posteriorment, m\u00e9s de 200 persones participaren en la paella gegant que la <strong>Societat Musical<\/strong> va oferir per a esta celebraci\u00f3.<\/p>\n<p>La programaci\u00f3 festiva ha continuat este dimarts dia 22 amb la primera sessi\u00f3 de les audicions dels alumnes de l&#8217;<strong>Escola de M\u00fasica<\/strong> i s&#8217;allarga fins al este cap de setmana, on tindran lloc diferents activitats de conviv\u00e8ncia per acabar, el dia 29 de novembre amb la segona sessi\u00f3 d&#8217;audicions. D&#8217;esta forma, novembre, el mes de la m\u00fasica per excel\u00b7l\u00e8ncia es viu enguany m\u00e9s intens que mai a la<strong> Societat Joventut Musical d&#8217;Albal.<\/strong><\/p>\n","protected":false},"excerpt":{"rendered":"<p>La societat va viure este passat cap de setmana les celebracions m\u00e9s destacades de les programades per la festivitat de Santa Cec\u00edlia <\/p>\n","protected":false},"author":2,"featured_media":0,"comment_status":"closed","ping_status":"closed","sticky":false,"template":"","format":"standard","meta":{"footnotes":""},"categories":[56],"tags":[],"class_list":["post-2967","post","type-post","status-publish","format-standard","hentry","category-societats-musicals"],"_links":{"self":[{"href":"https:\/\/fsmcv.org\/vl\/wp-json\/wp\/v2\/posts\/2967","targetHints":{"allow":["GET"]}}],"collection":[{"href":"https:\/\/fsmcv.org\/vl\/wp-json\/wp\/v2\/posts"}],"about":[{"href":"https:\/\/fsmcv.org\/vl\/wp-json\/wp\/v2\/types\/post"}],"author":[{"embeddable":true,"href":"https:\/\/fsmcv.org\/vl\/wp-json\/wp\/v2\/users\/2"}],"replies":[{"embeddable":true,"href":"https:\/\/fsmcv.org\/vl\/wp-json\/wp\/v2\/comments?post=2967"}],"version-history":[{"count":0,"href":"https:\/\/fsmcv.org\/vl\/wp-json\/wp\/v2\/posts\/2967\/revisions"}],"wp:attachment":[{"href":"https:\/\/fsmcv.org\/vl\/wp-json\/wp\/v2\/media?parent=2967"}],"wp:term":[{"taxonomy":"category","embeddable":true,"href":"https:\/\/fsmcv.org\/vl\/wp-json\/wp\/v2\/categories?post=2967"},{"taxonomy":"post_tag","embeddable":true,"href":"https:\/\/fsmcv.org\/vl\/wp-json\/wp\/v2\/tags?post=2967"}],"curies":[{"name":"wp","href":"https:\/\/api.w.org\/{rel}","templated":true}]}}