{"id":2981,"date":"2016-11-30T10:57:13","date_gmt":"2016-11-30T09:57:13","guid":{"rendered":"http:\/\/fsmcv.org\/?post_type=fsmcv-noticias&#038;p=2981"},"modified":"2020-09-27T18:21:06","modified_gmt":"2020-09-27T18:21:06","slug":"buena-sintonia-en-la-reunion-de-la-fsmcv-con-el-ayuntamiento-de-valencia","status":"publish","type":"post","link":"https:\/\/fsmcv.org\/vl\/noticies-campanyes\/musica-a-la-llum\/buena-sintonia-en-la-reunion-de-la-fsmcv-con-el-ayuntamiento-de-valencia\/","title":{"rendered":"Bona sintonia a la reuni\u00f3 de la FSMCV amb l&#8217;Ajuntament de Val\u00e8ncia"},"content":{"rendered":"<p>Val\u00e8ncia, 30 de novembre del 2016<\/p>\n<p><strong>El president de la FSMCV, Pedro Rodr\u00edguez, acompanyat per Sara Sanjuan, Vocal de la Junta Directiva y Jos\u00e9 Vicente Garc\u00eda Alapont, president de les Societats Musicals de la Ciutat de Val\u00e8ncia es van reunir ahir pel mat\u00ed amb Sandra G\u00f3mez, regidora del Grup municipal socialista, primera tinent d\u2019alcalde i delegada de Relacions Institucionals i de l\u2019\u00c0rea de Desenvolupament Econ\u00f2mic Sostenible.<\/strong><\/p>\n<p>Pedro Rodr\u00edguez ha destacat<strong> la bona sintonia<\/strong> assolida en una trobada en la qual Sandra G\u00f3mez s\u2019ha comprom\u00e8s a mantenir una reuni\u00f3 conjunta amb les 34 societats musicals de la ciutat de Val\u00e8ncia, amb l\u2019objectiu de con\u00e9ixer de primera m\u00e0 les activitats i necessitats d\u2019aquestes societats que conformen el panorama musical del Cap i Casal.<\/p>\n<p>Un dels temes amb els quals Sandra G\u00f3mez ha mostrat especial inter\u00e8s ha sigut en avan\u00e7ar i donar suport en tots els possibles a la candidatura a la UNESCO com a Ciutat Creativa de la M\u00fasica. Este projecte, impulsat per la FSMCV mitjan\u00e7ant el seu vicepresident Remigi Morant, compta ja amb la col\u2022laboraci\u00f3 de nombroses institucions i entitats culturals valencianes com <strong>la Universitat Polit\u00e8cnica de Val\u00e8ncia, la Universitat de Val\u00e8ncia, l\u2019Institut Superior d\u2019Ensenyaments Art\u00edstics CV, l\u2019Institut Valenci\u00e0 d\u2019Art Modern, el M\u00e0ster Oficial en Arts Visuals i Multim\u00e8dia (UPV), el M\u00e0ster Oficial en Did\u00e0ctica de la M\u00fasica (UV), la Berklee Music Valencia, el Foro UNESCO, el Palau de la M\u00fasica, el Palau de les Arts, el M\u00e0ster Oficial en M\u00fasica (UPV), el M\u00e0ster Oficial en Gesti\u00f3 Cultural (UV-UPV) i la C\u00e0tedra Ciutat de Val\u00e8ncia (UV).<\/strong><\/p>\n<p><strong>La Xarxa UNESCO de Ciutats Creatives del M\u00f3n<\/strong> fou creada a octubre de 2004, amb la finalitat de vincular a ciutats que tenen una tradici\u00f3 creativa als camps de la literatura, el cinema, la m\u00fasica, les arts populars, el disseny, l\u2019art digital i la gastronom\u00eda, i la protegeixen per incentivar el seu desenvolupament econ\u00f2mic i social. La pertinen\u00e7a a aquesta Xarxa permetria a Val\u00e8ncia obtindre un paper preeminent a nivell internacional com a centre d\u2019excel\u2022l\u00e8ncia creativa, fomentant el<strong> paper de la m\u00fasica com element essencial del desenvolupament econ\u00f2mic i social<\/strong> i promoure la diversitat dels productes culturals al mercat nacional i internacional.<\/p>\n","protected":false},"excerpt":{"rendered":"<p>La regidora Sandra G\u00f3mez s\u2019ha comprom\u00e8s a mantenir una reuni\u00f3 conjunta amb les societats musicals de la ciutat per a con\u00e9ixer de primera m\u00e0 les seues necessitats. <\/p>\n","protected":false},"author":2,"featured_media":0,"comment_status":"closed","ping_status":"closed","sticky":false,"template":"","format":"standard","meta":{"footnotes":""},"categories":[10],"tags":[],"class_list":["post-2981","post","type-post","status-publish","format-standard","hentry","category-musica-a-la-llum"],"_links":{"self":[{"href":"https:\/\/fsmcv.org\/vl\/wp-json\/wp\/v2\/posts\/2981","targetHints":{"allow":["GET"]}}],"collection":[{"href":"https:\/\/fsmcv.org\/vl\/wp-json\/wp\/v2\/posts"}],"about":[{"href":"https:\/\/fsmcv.org\/vl\/wp-json\/wp\/v2\/types\/post"}],"author":[{"embeddable":true,"href":"https:\/\/fsmcv.org\/vl\/wp-json\/wp\/v2\/users\/2"}],"replies":[{"embeddable":true,"href":"https:\/\/fsmcv.org\/vl\/wp-json\/wp\/v2\/comments?post=2981"}],"version-history":[{"count":0,"href":"https:\/\/fsmcv.org\/vl\/wp-json\/wp\/v2\/posts\/2981\/revisions"}],"wp:attachment":[{"href":"https:\/\/fsmcv.org\/vl\/wp-json\/wp\/v2\/media?parent=2981"}],"wp:term":[{"taxonomy":"category","embeddable":true,"href":"https:\/\/fsmcv.org\/vl\/wp-json\/wp\/v2\/categories?post=2981"},{"taxonomy":"post_tag","embeddable":true,"href":"https:\/\/fsmcv.org\/vl\/wp-json\/wp\/v2\/tags?post=2981"}],"curies":[{"name":"wp","href":"https:\/\/api.w.org\/{rel}","templated":true}]}}