{"id":3055,"date":"2016-12-06T09:37:49","date_gmt":"2016-12-06T08:37:49","guid":{"rendered":"http:\/\/fsmcv.org\/?post_type=fsmcv-noticias&#038;p=3055"},"modified":"2021-04-13T13:14:23","modified_gmt":"2021-04-13T11:14:23","slug":"un-valenciano-presidira-las-bandas-de-musica-de-toda-espana","status":"publish","type":"post","link":"https:\/\/fsmcv.org\/vl\/societats-musicals\/un-valenciano-presidira-las-bandas-de-musica-de-toda-espana\/","title":{"rendered":"Un valenci\u00e0 presidir\u00e0 les bandes de m\u00fasica de tota Espanya"},"content":{"rendered":"<p>Mallorca, 6 de desembre de 2016<\/p>\n<p><strong>L&#8217;elecci\u00f3 de Vicente Cerd\u00e0 com a president de la CESM ahir a Mallorca, on la Federaci\u00f3 de bandes de les Illes Balears va actuar com a amfitriona, posa de nou a un valenci\u00e0 al capdavant de l&#8217;entitat nacional que arreplega a les m\u00e9s de mil bandes de m\u00fasica que hi ha en el territori nacional.<\/strong><\/p>\n<p><strong>Vicente Cerd\u00e0<\/strong> (Montesa, 1962) va aconseguir ahir unir el vot de totes les federacions auton\u00f2miques que componen la Confederaci\u00f3 resultant triat per unanimitat. La seua llarga traject\u00f2ria i el reconeixement de la seua figura com la de qui pot rellan\u00e7ar l&#8217;entitat despr\u00e9s d&#8217;un llarg per\u00edode de baixa activitat, han aconseguit tornar a posar a un valenci\u00e0 al capdavant del referent nacional en bandes de m\u00fasica despr\u00e9s de 16 anys. <strong>Vicente Ruiz<\/strong> (Sedav\u00ed, 1936-2011) va ser el primer president de la CESM, entitat promoguda pels valencians en la d\u00e8cada dels noranta passada. Despr\u00e9s la presid\u00e8ncia va passar per M\u00farcia, Catalunya i \u00c0vila. Tan sol <strong>Santiago Algado<\/strong> durant el trienni 2000-2002 i <strong>Vicente Giner<\/strong> 2002-2008, membres de la FSMCV, van poder exercir el c\u00e0rrec de Secretari General.<\/p>\n<p><strong>Luis Vidal (Agres, 1965), tresorer de la FSMCV<\/strong>, ser\u00e0 tamb\u00e9 el tresorer de la CESM. Tamb\u00e9 triat per unanimitat, va presentar ahir mateix a Mallorca una pon\u00e8ncia sobre comptabilitat i fiscalitat d&#8217;entitats no lucratives. Hui per hui Vidal es perfila com un referent nacional en temes fiscals i comptables d&#8217;entitats del tercer sector per la seua llarga traject\u00f2ria professional i els \u00e8xits aconseguits al capdavant de la tresoreria de la FSMCV durant l&#8217;\u00e8poca d&#8217;Almeria com a president de l&#8217;entitat. Actualment \u00e9s, a m\u00e9s de tresorer, el responsable de l&#8217;\u00e0rea Econ\u00f2mic-jur\u00eddica de la directiva que presideix Pedro Rodr\u00edguez.<\/p>\n<p>El bon fer de Cerd\u00e0, Vidal i el president Rodr\u00edguez, dialogant i entrevistant-se en les setmanes pr\u00e8vies a l&#8217;elecci\u00f3 amb els representants de la resta de federacions, ha perm\u00e8s la unanimitat i el consens aconseguits.<\/p>\n<p>Vicente Cerd\u00e0, emocionat despr\u00e9s de l&#8217;elecci\u00f3 ha declarat <em>\u201cEm sent amb una gran responsabilitat per a respondre a l&#8217;aposta un\u00e0nime que es fa per mi. El primer gran treball \u00e9s el de fer Confederaci\u00f3 i per a a\u00e7\u00f2 resulta imprescindible intentar que reingresen en l&#8217;entitat federativa nacional els membres que per diversos motius, la major part per causes econ\u00f2miques, l&#8217;han abandonat en els \u00faltims anys o han deixat de tenir una pres\u00e8ncia efectiva. He de visitar-los a tots i comen\u00e7ar a cuidar una altra vegada a totes les federacions que poden aportar alguna cosa a l&#8217;entramat nacional\u201d. <\/em><\/p>\n","protected":false},"excerpt":{"rendered":"<p>Vicente Cerd\u00e0, el m\u00e9s veter\u00e0 dels directius actuals de la Federaci\u00f3 de Societats Musicals de la Comunitat Valenciana (FSMCV) va ser triat ahir per unanimitat President de la Confederaci\u00f3 Espanyola de Societats Musicals (CESM)<\/p>\n","protected":false},"author":2,"featured_media":0,"comment_status":"closed","ping_status":"closed","sticky":false,"template":"","format":"standard","meta":{"footnotes":""},"categories":[56],"tags":[],"class_list":["post-3055","post","type-post","status-publish","format-standard","hentry","category-societats-musicals"],"_links":{"self":[{"href":"https:\/\/fsmcv.org\/vl\/wp-json\/wp\/v2\/posts\/3055","targetHints":{"allow":["GET"]}}],"collection":[{"href":"https:\/\/fsmcv.org\/vl\/wp-json\/wp\/v2\/posts"}],"about":[{"href":"https:\/\/fsmcv.org\/vl\/wp-json\/wp\/v2\/types\/post"}],"author":[{"embeddable":true,"href":"https:\/\/fsmcv.org\/vl\/wp-json\/wp\/v2\/users\/2"}],"replies":[{"embeddable":true,"href":"https:\/\/fsmcv.org\/vl\/wp-json\/wp\/v2\/comments?post=3055"}],"version-history":[{"count":0,"href":"https:\/\/fsmcv.org\/vl\/wp-json\/wp\/v2\/posts\/3055\/revisions"}],"wp:attachment":[{"href":"https:\/\/fsmcv.org\/vl\/wp-json\/wp\/v2\/media?parent=3055"}],"wp:term":[{"taxonomy":"category","embeddable":true,"href":"https:\/\/fsmcv.org\/vl\/wp-json\/wp\/v2\/categories?post=3055"},{"taxonomy":"post_tag","embeddable":true,"href":"https:\/\/fsmcv.org\/vl\/wp-json\/wp\/v2\/tags?post=3055"}],"curies":[{"name":"wp","href":"https:\/\/api.w.org\/{rel}","templated":true}]}}