{"id":3140,"date":"2017-01-13T09:14:51","date_gmt":"2017-01-13T08:14:51","guid":{"rendered":"http:\/\/fsmcv.org\/?post_type=fsmcv-noticias&#038;p=3140"},"modified":"2021-04-08T19:51:15","modified_gmt":"2021-04-08T17:51:15","slug":"lajuntament-de-bellreguard-inaugura-la-nova-casa-de-la-musica","status":"publish","type":"post","link":"https:\/\/fsmcv.org\/vl\/societats-musicals\/lajuntament-de-bellreguard-inaugura-la-nova-casa-de-la-musica\/","title":{"rendered":"L&#8217;Ajuntament de Bellreguard inaugura la nova Casa de la M\u00fasica"},"content":{"rendered":"<p>El pr\u00f2xim diumenge 15 de gener a partir de les 10:30 hores tindr\u00e0 lloc la inauguraci\u00f3 de la nova Casa de la M\u00fasica de Bellreguard.<\/p>\n<p>A les 10:30, es celebrar\u00e0 un Plenari Extraordinari de l&#8217;Ajuntament on es far\u00e0 lliurament del Diploma de Reconeixement a l&#8217;Agrupaci\u00f3 Art\u00edstico-Musical Santa Cec\u00edlia de Bellreguard, per ser l&#8217;hereva de la tradici\u00f3 musical del poble.<\/p>\n<p>En acabar el plenari, comen\u00e7ar\u00e0 la cercavila des de l&#8217;Ajuntament fins a la nova Casa de la M\u00fasica, la inauguraci\u00f3 de la qual tindr\u00e0 lloc a les 12 hores.<\/p>\n<p>Com a actes programats dins d&#8217;aquest esdeveniment, tindran lloc audicions musicals a on participaran la Coral Sant Miquel de Bellreguard, la Colla de Dol\u00e7ainers i Tabaleters de Bellreguard i la Banda de M\u00fasica de l&#8217;Agrupaci\u00f3 Art\u00edstico-Musical Santa Cec\u00edlia de Bellreguard.<\/p>\n<p>La Federaci\u00f3 de Societats Musicals de la Comunitat Valenciana assistir\u00e0 convidada a aquest esdeveniment representada per Juan Vicente Mateu, membre de la Junta Directiva de la FSMCV.<\/p>\n","protected":false},"excerpt":{"rendered":"<p>El diumenge 15 de gener tindr\u00e0 lloc la inauguraci\u00f3 de la Casa de la M\u00fasica de Bellreguard. Els actes programats inclouen el lliurament del Diploma de Reconeixement a l&#8217;Agrupaci\u00f3 Art\u00edstico-Musical Santa Cec\u00edlia de Bellreguard i audicions a c\u00e0rrec de la banda, la Coral Sant Miquel i la Colla de Dol\u00e7ainers i Tabaleters de Bellreguard.<\/p>\n","protected":false},"author":2,"featured_media":0,"comment_status":"closed","ping_status":"closed","sticky":false,"template":"","format":"standard","meta":{"footnotes":""},"categories":[56],"tags":[],"class_list":["post-3140","post","type-post","status-publish","format-standard","hentry","category-societats-musicals"],"_links":{"self":[{"href":"https:\/\/fsmcv.org\/vl\/wp-json\/wp\/v2\/posts\/3140","targetHints":{"allow":["GET"]}}],"collection":[{"href":"https:\/\/fsmcv.org\/vl\/wp-json\/wp\/v2\/posts"}],"about":[{"href":"https:\/\/fsmcv.org\/vl\/wp-json\/wp\/v2\/types\/post"}],"author":[{"embeddable":true,"href":"https:\/\/fsmcv.org\/vl\/wp-json\/wp\/v2\/users\/2"}],"replies":[{"embeddable":true,"href":"https:\/\/fsmcv.org\/vl\/wp-json\/wp\/v2\/comments?post=3140"}],"version-history":[{"count":0,"href":"https:\/\/fsmcv.org\/vl\/wp-json\/wp\/v2\/posts\/3140\/revisions"}],"wp:attachment":[{"href":"https:\/\/fsmcv.org\/vl\/wp-json\/wp\/v2\/media?parent=3140"}],"wp:term":[{"taxonomy":"category","embeddable":true,"href":"https:\/\/fsmcv.org\/vl\/wp-json\/wp\/v2\/categories?post=3140"},{"taxonomy":"post_tag","embeddable":true,"href":"https:\/\/fsmcv.org\/vl\/wp-json\/wp\/v2\/tags?post=3140"}],"curies":[{"name":"wp","href":"https:\/\/api.w.org\/{rel}","templated":true}]}}