{"id":3248,"date":"2017-01-20T14:21:21","date_gmt":"2017-01-20T13:21:21","guid":{"rendered":"http:\/\/fsmcv.org\/?post_type=fsmcv-noticias&#038;p=3248"},"modified":"2021-04-08T19:51:45","modified_gmt":"2021-04-08T17:51:45","slug":"el-ii-concurs-de-composicio-de-la-provincia-dalacant-per-a-banda-de-musica-amb-fins-pedagogics-queda-desert","status":"publish","type":"post","link":"https:\/\/fsmcv.org\/vl\/societats-musicals\/el-ii-concurs-de-composicio-de-la-provincia-dalacant-per-a-banda-de-musica-amb-fins-pedagogics-queda-desert\/","title":{"rendered":"El jurat declara desert el premi del II Concurs de composici\u00f3 de la prov\u00edncia d&#8217;Alacant"},"content":{"rendered":"<p>El jurat del II Concurs de Composici\u00f3 de la prov\u00edncia d&#8217;Alacant per a banda de m\u00fasica amb finalitats pedag\u00f2giques, concurs convocat per la FSMCV amb el patrocini de la Diputaci\u00f3 d&#8217;Alacant, ha decidit per unanimitat declarar desert el premi en considerar que les obres presentades no aconseguien el nivell m\u00ednim exigible en el pl\u00e0nol pedag\u00f2gic o musical exigit a les bases.<\/p>\n<p>Aquest premi, que celebrava aquest any la seva segona edici\u00f3, t\u00e9 com a objectiu la promoci\u00f3 de composicions dirigides als grups instrumentals de vent que funcionen en la majoria d&#8217;escoles de m\u00fasica de les societats musicals (banda de l&#8217;escola, banda de educandos, banda juvenil, etc.) i que tenen en com\u00fa el car\u00e0cter formatiu dels seus components i un nivell t\u00e8cnic compr\u00e8s aproximadament entre 3er i 4t d&#8217;Ensenyaments Elementals.<\/p>\n<p>Tal com estableixen les bases del concurs, la composici\u00f3 presentada havia d&#8217;estar enfocada a ser un projecte pedag\u00f2gic i tindre\u00a0una durada m\u00ednima de entre sis minuts i deu minuts.<\/p>\n<p>El jurat d&#8217;aquest any ha estat compost per Pablo Marqu\u00e9s Mestre, Santiago Quinto\u00a0Serna (compositor alacant\u00ed, premiat en la I edici\u00f3 del concurs) i M\u00aa Jos\u00e9 Hern\u00e1ndez Mic\u00f3, i ha estat presidit per Ram\u00f3n Mas, en representaci\u00f3 de la FSMCV. A la resoluci\u00f3 del premi tamb\u00e9 ha acudit la directora del CEFIRE d&#8217;Orihuela, Susana Miralles.<\/p>\n","protected":false},"excerpt":{"rendered":"<p>El jurat, presidit per Ram\u00f3n Mas, ha decidit declarar, per unanimitat, desert el premi en considerar que les obres presentades no aconseguien el nivell m\u00ednim exigible en el pl\u00e0nol pedag\u00f2gic o musical exigit a les bases.<\/p>\n","protected":false},"author":2,"featured_media":0,"comment_status":"closed","ping_status":"closed","sticky":false,"template":"","format":"standard","meta":{"footnotes":""},"categories":[56],"tags":[],"class_list":["post-3248","post","type-post","status-publish","format-standard","hentry","category-societats-musicals"],"_links":{"self":[{"href":"https:\/\/fsmcv.org\/vl\/wp-json\/wp\/v2\/posts\/3248","targetHints":{"allow":["GET"]}}],"collection":[{"href":"https:\/\/fsmcv.org\/vl\/wp-json\/wp\/v2\/posts"}],"about":[{"href":"https:\/\/fsmcv.org\/vl\/wp-json\/wp\/v2\/types\/post"}],"author":[{"embeddable":true,"href":"https:\/\/fsmcv.org\/vl\/wp-json\/wp\/v2\/users\/2"}],"replies":[{"embeddable":true,"href":"https:\/\/fsmcv.org\/vl\/wp-json\/wp\/v2\/comments?post=3248"}],"version-history":[{"count":0,"href":"https:\/\/fsmcv.org\/vl\/wp-json\/wp\/v2\/posts\/3248\/revisions"}],"wp:attachment":[{"href":"https:\/\/fsmcv.org\/vl\/wp-json\/wp\/v2\/media?parent=3248"}],"wp:term":[{"taxonomy":"category","embeddable":true,"href":"https:\/\/fsmcv.org\/vl\/wp-json\/wp\/v2\/categories?post=3248"},{"taxonomy":"post_tag","embeddable":true,"href":"https:\/\/fsmcv.org\/vl\/wp-json\/wp\/v2\/tags?post=3248"}],"curies":[{"name":"wp","href":"https:\/\/api.w.org\/{rel}","templated":true}]}}