{"id":3373,"date":"2017-01-23T13:14:40","date_gmt":"2017-01-23T12:14:40","guid":{"rendered":"http:\/\/fsmcv.org\/?post_type=fsmcv-noticias&#038;p=3373"},"modified":"2021-04-08T19:47:44","modified_gmt":"2021-04-08T17:47:44","slug":"el-museu-alcoia-de-la-festa-acoge-una-exposicion-dedicada-al-175-aniversario-de-la-nova-dalcoi","status":"publish","type":"post","link":"https:\/\/fsmcv.org\/vl\/societats-musicals\/el-museu-alcoia-de-la-festa-acoge-una-exposicion-dedicada-al-175-aniversario-de-la-nova-dalcoi\/","title":{"rendered":"El Museu Alcoi\u00e0 de la Festa acull una exposici\u00f3 dedicada al 175 aniversari de La Nova d&#8217;Alcoi"},"content":{"rendered":"<p>El Museu Alcoi\u00e0 de la Festa (MAF) acull una exposici\u00f3 dedicada al 175 aniversari de la Societat Musical La Nova d&#8217;Alcoi des d&#8217;ahir, quan es va produir la inauguraci\u00f3. Juan Jos\u00e9 Olcina, president de l&#8217;Associaci\u00f3 de Sant Jordi, va donar la benvinguda als presents i va felicitar a La Nova pel significatiu aniversari. A m\u00e9s, va destacar que la banda comen\u00e7a aquest any especial &#8220;amb una exposici\u00f3 en aquesta casa&#8221;. Jos\u00e9 Antonio Llinares, president de la Societat Musical Nova d&#8217;Alcoi, va agrair les felicitacions i l&#8217;ajuda donada des de la instituci\u00f3 festera per acollir aquesta mostra. Llinares, aix\u00ed mateix, va recordar &#8220;a la gent de la banda que va estar abans que nosaltres, per guardar i augmentar el patrimoni que ara es pot vore al MAF&#8221;.<\/p>\n<p>Partitures, instruments o fotografies formen part de la col\u00b7lecci\u00f3 art\u00edstica de la Nova que ara s&#8217;exposa en la sala Fernando Cabrera. Ignacio Trelis, assesor art\u00edstic de l&#8217;Associaci\u00f3 de Sant Jordi, ha estat l&#8217;impulsor d&#8217;aquesta exposici\u00f3 de la que hi ha tres zones diferenciades. Segons va explicar a l&#8217;acte d&#8217;apertura, &#8220;una est\u00e0 dedicada a la banda, als seus directors, col\u00b7lecci\u00f3 de batutes o fotografies antigues; l&#8217;altra a la Fil\u00e0 Miqueros i la seua uni\u00f3 amb la banda i hi ha un lloc en homenatge a Joan Valls&#8221; que en aquest 2017 es celebra el centenari del seu naixement, i am\u00e9s, era m\u00fasic de la Nova.<\/p>\n<p>Trelis, per \u00faltim, va destacar que \u00e9s una mostra &#8220;did\u00e0ctica&#8221; en la que tamb\u00e9 es poden observar dos quadres, un d&#8217;ells del prestigi\u00f3s pintor alcoi\u00e0 Antonio Gisbert.<\/p>\n<p>L&#8217;exposici\u00f3 romandr\u00e0 oberta fins el 19 de febrer, de dimarts a dissabte de 10 a 14 hores i de 16 a 19 hores, i els diumenges i festius d&#8217;11 a 14 hores. L&#8217;entrada \u00e9s lliure.<\/p>\n","protected":false},"excerpt":{"rendered":"<p>Partitures, instruments i fotografies formen part de la mostra que es va inaugurar ahir i que estar\u00e0 oberta fins el 19 de febrer en la Sala Fernando Cabrera. <\/p>\n","protected":false},"author":2,"featured_media":0,"comment_status":"closed","ping_status":"closed","sticky":false,"template":"","format":"standard","meta":{"footnotes":""},"categories":[56],"tags":[],"class_list":["post-3373","post","type-post","status-publish","format-standard","hentry","category-societats-musicals"],"_links":{"self":[{"href":"https:\/\/fsmcv.org\/vl\/wp-json\/wp\/v2\/posts\/3373","targetHints":{"allow":["GET"]}}],"collection":[{"href":"https:\/\/fsmcv.org\/vl\/wp-json\/wp\/v2\/posts"}],"about":[{"href":"https:\/\/fsmcv.org\/vl\/wp-json\/wp\/v2\/types\/post"}],"author":[{"embeddable":true,"href":"https:\/\/fsmcv.org\/vl\/wp-json\/wp\/v2\/users\/2"}],"replies":[{"embeddable":true,"href":"https:\/\/fsmcv.org\/vl\/wp-json\/wp\/v2\/comments?post=3373"}],"version-history":[{"count":0,"href":"https:\/\/fsmcv.org\/vl\/wp-json\/wp\/v2\/posts\/3373\/revisions"}],"wp:attachment":[{"href":"https:\/\/fsmcv.org\/vl\/wp-json\/wp\/v2\/media?parent=3373"}],"wp:term":[{"taxonomy":"category","embeddable":true,"href":"https:\/\/fsmcv.org\/vl\/wp-json\/wp\/v2\/categories?post=3373"},{"taxonomy":"post_tag","embeddable":true,"href":"https:\/\/fsmcv.org\/vl\/wp-json\/wp\/v2\/tags?post=3373"}],"curies":[{"name":"wp","href":"https:\/\/api.w.org\/{rel}","templated":true}]}}