{"id":3377,"date":"2017-01-23T16:07:51","date_gmt":"2017-01-23T15:07:51","guid":{"rendered":"http:\/\/fsmcv.org\/?post_type=fsmcv-noticias&#038;p=3377"},"modified":"2021-04-08T19:47:36","modified_gmt":"2021-04-08T17:47:36","slug":"arranca-el-v-ciclo-las-bandas-de-la-provincia-de-alicante-en-el-adda","status":"publish","type":"post","link":"https:\/\/fsmcv.org\/vl\/societats-musicals\/arranca-el-v-ciclo-las-bandas-de-la-provincia-de-alicante-en-el-adda\/","title":{"rendered":"Arranca el V Cicle &#8220;Les bandes de m\u00fasica de la prov\u00edncia d&#8217;Alacant a l&#8217;ADDA&#8221;"},"content":{"rendered":"<p>Este diumenge arranca el V Cicle &#8220;Les bandes de m\u00fasica de la prov\u00edncia d&#8217;Alacant a l&#8217;ADDA&#8221;, un cicle organitzat per la FSMCV en col\u00b7laboraci\u00f3 amb la Diputaci\u00f3 d&#8217;Alacant i l&#8217;Auditori de la Diputaci\u00f3 d&#8217;Alacant (ADDA) que ofereix concerts de diferents bandes de m\u00fasica alacantines.<\/p>\n<p>Els concerts, que comencen este diumenge 29 de gener, es celebraran a la Sala Simf\u00f2nica de l&#8217;ADDA els diumenges. Tots els concerts seran gratu\u00efts i d&#8217;entrada lliure fins a completar l&#8217;aforament pr\u00e8via retirada de les invitacions, limitades a dos entrades per persona. Les invitacions es podran replegar la mateixa setmana del concert, de dilluns a divendres de 10 a 14 hores i de 17 a 20 hores.<\/p>\n<p>La Societat Musical L&#8217;Alian\u00e7a de Mutxamel donar\u00e0 el primer concert d&#8217;aquest cicle, coincidint amb el seu 160 aniversari. Les bandes de la Uni\u00f3 Musical San Bartolom\u00e9, la Societat Musical la Nova d&#8217;Alcoi, la Societat Uni\u00f3 Musical de Crevillent, l&#8217;Ateneu Musical de la Vilajoiosa, l&#8217;Agrupaci\u00f3 Musical La Art\u00edstica de Mon\u00f3var, l&#8217;Arte Musical de Rafal, la Uni\u00f3n Musical San Miguel Arc\u00e1ngel Daya Nueva, la Uni\u00f3 Musical d&#8217;Almorad\u00ed, la Art\u00edstica de Novelda i la Societat Instructiva Musical Sones de Sax i l&#8217;Associaci\u00f3 d&#8217;Amics de la M\u00fasica de Callosa d&#8217;En Sarri\u00e0 tamb\u00e9 s&#8217;escoltaran a l&#8217;Auditori de la Diputaci\u00f3 d&#8217;Alacant, segons la relaci\u00f3 de dades i concerts seg\u00fcent:<\/p>\n<p>29 de gener: Societat Musical L&#8217;Alian\u00e7a de Mutxamel<\/p>\n<p>19 de febrer: Uni\u00f3n Musical San Bartolom\u00e9<\/p>\n<p>5 de mar\u00e7: Societat Musical La Nova d&#8217;Alcoi<\/p>\n<p>23 d&#8217;abril: Sociedad Uni\u00f3n Musical de Crevillent<\/p>\n<p>14 de maig: Ateneu Musical de la Vilajoiosa<\/p>\n<p>17 de setembre: Agrupaci\u00f3n Musical La Art\u00edstica de \u00a0Mon\u00f3var<\/p>\n<p>24 de setembre: Arte Musical de Rafal<\/p>\n<p>15 d&#8217;octubre: Uni\u00f3n Musical San Miguel Arc\u00e1ngel de Daya Nueva<\/p>\n<p>29 d&#8217;octubre: Uni\u00f3n Musical d&#8217;Almorad\u00ed<\/p>\n<p>5 de novembre: Uni\u00f3n Musical La Art\u00edstica de Novelda<\/p>\n<p>19 de novembre: Sociedad Instructiva Musical Sones de Sax<\/p>\n<p>10 de desembre: Associaci\u00f3 d&#8217;Amics de la M\u00fasica de Callosa d&#8217;En Sarri\u00e0<\/p>\n","protected":false},"excerpt":{"rendered":"<p>Els concerts del cicle, que arranca este cap de setmana, es celebraran els diumenges a les 12h a l&#8217;Auditori de la Diputaci\u00f3 d&#8217;Alacant.<\/p>\n","protected":false},"author":2,"featured_media":0,"comment_status":"closed","ping_status":"closed","sticky":false,"template":"","format":"standard","meta":{"footnotes":""},"categories":[56],"tags":[],"class_list":["post-3377","post","type-post","status-publish","format-standard","hentry","category-societats-musicals"],"_links":{"self":[{"href":"https:\/\/fsmcv.org\/vl\/wp-json\/wp\/v2\/posts\/3377","targetHints":{"allow":["GET"]}}],"collection":[{"href":"https:\/\/fsmcv.org\/vl\/wp-json\/wp\/v2\/posts"}],"about":[{"href":"https:\/\/fsmcv.org\/vl\/wp-json\/wp\/v2\/types\/post"}],"author":[{"embeddable":true,"href":"https:\/\/fsmcv.org\/vl\/wp-json\/wp\/v2\/users\/2"}],"replies":[{"embeddable":true,"href":"https:\/\/fsmcv.org\/vl\/wp-json\/wp\/v2\/comments?post=3377"}],"version-history":[{"count":0,"href":"https:\/\/fsmcv.org\/vl\/wp-json\/wp\/v2\/posts\/3377\/revisions"}],"wp:attachment":[{"href":"https:\/\/fsmcv.org\/vl\/wp-json\/wp\/v2\/media?parent=3377"}],"wp:term":[{"taxonomy":"category","embeddable":true,"href":"https:\/\/fsmcv.org\/vl\/wp-json\/wp\/v2\/categories?post=3377"},{"taxonomy":"post_tag","embeddable":true,"href":"https:\/\/fsmcv.org\/vl\/wp-json\/wp\/v2\/tags?post=3377"}],"curies":[{"name":"wp","href":"https:\/\/api.w.org\/{rel}","templated":true}]}}