{"id":3384,"date":"2017-01-24T08:38:29","date_gmt":"2017-01-24T07:38:29","guid":{"rendered":"http:\/\/fsmcv.org\/?post_type=fsmcv-noticias&#038;p=3384"},"modified":"2021-04-08T19:46:07","modified_gmt":"2021-04-08T17:46:07","slug":"la-red-de-escuelas-de-musica-ad-libitum-integra-la-educacion-emocional-musical-en-las-aulas","status":"publish","type":"post","link":"https:\/\/fsmcv.org\/vl\/area-educativa-vl\/xarxa-centres-educatius\/la-red-de-escuelas-de-musica-ad-libitum-integra-la-educacion-emocional-musical-en-las-aulas\/","title":{"rendered":"La xarxa d&#8217;escoles de m\u00fasica Ad Libitum integra la educaci\u00f3 emocional musical a les aules"},"content":{"rendered":"<p>La xarxa d&#8217;escoles de m\u00fasica AD LIBITUM\u00a0ja ha iniciat les sessions de treball formatiu del seu equip de professors per a aprendre m\u00e9s sobre les emocions mitjan\u00e7ant la m\u00fasica. Tres classes intensives que tindran lloc dins del programa de formaci\u00f3 cont\u00ednua del professorat, de la m\u00e0 del psic\u00f2leg especialitzat en interpretaci\u00f3 musical Guillermo Dalia i del coach especialitzat en entrenament mental per a l&#8217;actuaci\u00f3 i ex trompa solista de la Orquestra de C\u00f2rdova, Francisco Ferm\u00edn Gandulf.<\/p>\n<p>Un curs que permetr\u00e0 als m\u00e9s de 70 professors de la xarxa d&#8217;escoles AD LIBITUM\u00a0fer entendre als alumnes des de ben xicotets les diferents emocions que provoca la m\u00fasica i alhora que ells s\u00e0piguen expressar les seues pr\u00f2pies emocions mitjan\u00e7ant aquest art. Tres sessions que finalitzaran amb l&#8217;audici\u00f3 de final de curs, i en qu\u00e8 combinant teoria i pr\u00e0ctica, els professors aprendran com funciona el cervell, la neuroeducaci\u00f3 i aplicaran les emocions a la interpretaci\u00f3 musical.<\/p>\n<p>&nbsp;<\/p>\n","protected":false},"excerpt":{"rendered":"<p>La xarxa d&#8217;escoles de m\u00fasica Ad Libitum integra la educaci\u00f3 emocional musical dins de les aules, amb el reconegut psic\u00f2leg Guillermo Dalia i el coach F. Ferm\u00edn, dins del programa de formaci\u00f3 continua del professorat que porta a terme aquesta xarxa.<\/p>\n","protected":false},"author":2,"featured_media":0,"comment_status":"closed","ping_status":"closed","sticky":false,"template":"","format":"standard","meta":{"footnotes":""},"categories":[164],"tags":[],"class_list":["post-3384","post","type-post","status-publish","format-standard","hentry","category-xarxa-centres-educatius"],"_links":{"self":[{"href":"https:\/\/fsmcv.org\/vl\/wp-json\/wp\/v2\/posts\/3384","targetHints":{"allow":["GET"]}}],"collection":[{"href":"https:\/\/fsmcv.org\/vl\/wp-json\/wp\/v2\/posts"}],"about":[{"href":"https:\/\/fsmcv.org\/vl\/wp-json\/wp\/v2\/types\/post"}],"author":[{"embeddable":true,"href":"https:\/\/fsmcv.org\/vl\/wp-json\/wp\/v2\/users\/2"}],"replies":[{"embeddable":true,"href":"https:\/\/fsmcv.org\/vl\/wp-json\/wp\/v2\/comments?post=3384"}],"version-history":[{"count":0,"href":"https:\/\/fsmcv.org\/vl\/wp-json\/wp\/v2\/posts\/3384\/revisions"}],"wp:attachment":[{"href":"https:\/\/fsmcv.org\/vl\/wp-json\/wp\/v2\/media?parent=3384"}],"wp:term":[{"taxonomy":"category","embeddable":true,"href":"https:\/\/fsmcv.org\/vl\/wp-json\/wp\/v2\/categories?post=3384"},{"taxonomy":"post_tag","embeddable":true,"href":"https:\/\/fsmcv.org\/vl\/wp-json\/wp\/v2\/tags?post=3384"}],"curies":[{"name":"wp","href":"https:\/\/api.w.org\/{rel}","templated":true}]}}