{"id":3394,"date":"2017-01-24T10:55:25","date_gmt":"2017-01-24T09:55:25","guid":{"rendered":"http:\/\/fsmcv.org\/?post_type=fsmcv-noticias&#038;p=3394"},"modified":"2021-04-08T19:44:46","modified_gmt":"2021-04-08T17:44:46","slug":"la-union-musical-de-sax-pone-la-banda-sonora-las-fiestas-de-moros-y-cristianos","status":"publish","type":"post","link":"https:\/\/fsmcv.org\/vl\/societats-musicals\/la-union-musical-de-sax-pone-la-banda-sonora-las-fiestas-de-moros-y-cristianos\/","title":{"rendered":"La Uni\u00f3 Musical de Sax posa la banda sonora a les festes de Moros i Cristians"},"content":{"rendered":"<p>S&#8217;apropen els dies grans per a Sax amb les festes de Moros i Cristians en honor a Sant Blai. Per aquesta ra\u00f3, la Societat Uni\u00f3 Musical y Art\u00edstica de Sax oferir\u00e0, com ja es tradici\u00f3, el seu concert de M\u00fasica Festera el pr\u00f2xim <strong>dissabte 28 de gener a les 21 h. al Teatre Cervantes de Sax.<\/strong><\/p>\n<p>Com cada any, els m\u00fasics saixencs posaran la banda sonora a estes festes amb molts dels pasdobles que s&#8217;escoltaran a la ciutat de l&#8217;1 al 5 de febrer. Alguns d&#8217;ells s\u00f3n ja tradicionals i molt coneguts pels festers, com\u00a0\u00abVaquer de Sax\u00bb, per\u00f2 tamb\u00e9 hi haur\u00e0 estrenes i peces que arribaran per primera vegada a Sax, com \u00abEnrique L\u00f3pez\u00bb, \u00abDamas Garibaldinos 2016\u00bb o \u00abSanjoaneries\u00bb.<\/p>\n<p>El concert estar\u00e0 dirigit pel titular de la banda, <strong>Pedro Lara<\/strong>, i servir\u00e0 com a pr\u00f2leg a les festes de Sax, ra\u00f3 per la qual la Uni\u00f3 Musical de Sax dedicar\u00e0 un pasdoble a cadascuna de les comparses, autoritats festeres, dames i reines de festes, aix\u00ed com a tots els festers de Sax.<\/p>\n<p>M\u00e1s informaci\u00f3n: <a href=\"http:\/\/www.sumasax.es\/\" target=\"_blank\" rel=\"noopener\">www.sumasax.es<\/a><\/p>\n","protected":false},"excerpt":{"rendered":"<p>El pr\u00f2xim dissabte 28 de gener a les 21 hores, la Uni\u00f3 Musical i Art\u00edstica de Sax oferir\u00e0 el seu tradicional concert de M\u00fasica Festera al Teatre Cervantes de Sax.<\/p>\n","protected":false},"author":2,"featured_media":0,"comment_status":"closed","ping_status":"closed","sticky":false,"template":"","format":"standard","meta":{"footnotes":""},"categories":[56],"tags":[],"class_list":["post-3394","post","type-post","status-publish","format-standard","hentry","category-societats-musicals"],"_links":{"self":[{"href":"https:\/\/fsmcv.org\/vl\/wp-json\/wp\/v2\/posts\/3394","targetHints":{"allow":["GET"]}}],"collection":[{"href":"https:\/\/fsmcv.org\/vl\/wp-json\/wp\/v2\/posts"}],"about":[{"href":"https:\/\/fsmcv.org\/vl\/wp-json\/wp\/v2\/types\/post"}],"author":[{"embeddable":true,"href":"https:\/\/fsmcv.org\/vl\/wp-json\/wp\/v2\/users\/2"}],"replies":[{"embeddable":true,"href":"https:\/\/fsmcv.org\/vl\/wp-json\/wp\/v2\/comments?post=3394"}],"version-history":[{"count":0,"href":"https:\/\/fsmcv.org\/vl\/wp-json\/wp\/v2\/posts\/3394\/revisions"}],"wp:attachment":[{"href":"https:\/\/fsmcv.org\/vl\/wp-json\/wp\/v2\/media?parent=3394"}],"wp:term":[{"taxonomy":"category","embeddable":true,"href":"https:\/\/fsmcv.org\/vl\/wp-json\/wp\/v2\/categories?post=3394"},{"taxonomy":"post_tag","embeddable":true,"href":"https:\/\/fsmcv.org\/vl\/wp-json\/wp\/v2\/tags?post=3394"}],"curies":[{"name":"wp","href":"https:\/\/api.w.org\/{rel}","templated":true}]}}