{"id":3487,"date":"2017-01-25T08:53:24","date_gmt":"2017-01-25T07:53:24","guid":{"rendered":"http:\/\/fsmcv.org\/?post_type=fsmcv-noticias&#038;p=3487"},"modified":"2021-04-08T19:44:30","modified_gmt":"2021-04-08T17:44:30","slug":"la-sium-de-tavernes-de-la-valldigna-inaugura-el-ciclo-de-banda-banda-que-organiza-la-lira-ampostina","status":"publish","type":"post","link":"https:\/\/fsmcv.org\/vl\/societats-musicals\/la-sium-de-tavernes-de-la-valldigna-inaugura-el-ciclo-de-banda-banda-que-organiza-la-lira-ampostina\/","title":{"rendered":"La SIUM de Tavernes de la Valldigna inaugura el Cicle &#8220;De Banda a Banda&#8221; que organitza la Lira Ampostina"},"content":{"rendered":"<p>Este cap de setmana arranca una nova edici\u00f3 del Cicle &#8220;De Banda a Banda&#8221;, un projecte organitzat per la Lira Ampostina (Tarragona) que pret\u00e9n donar a con\u00e9ixer de manera directa i propera la m\u00fasica de banda, oferint al p\u00fablic de les terres de l&#8217;Ebre la possibilitat d&#8217;escoltar la cultura de banda, intercanviar coneixements, viure noves experi\u00e8ncies i aprendre altres maneres de fer m\u00fasica.<\/p>\n<p>La inauguraci\u00f3 del cicle d&#8217;enguany corre a c\u00e0rrec de la Societat Instructiva Uni\u00f3 Musical de Tavernes de la Valldigna, que estrenar\u00e0 el &#8220;De Banda a Banda&#8221; de 2017 el pr\u00f2xim dissabte 28 de gener.<\/p>\n<p>L&#8217;Auditori de la Lira Ampostina acullir\u00e0 la interpretaci\u00f3 de la banda simf\u00f2nica de la SIUM de Tavernes de la Valldigna dirigida per Rafael M. Garrig\u00f3s Garcia a partir de les 21:15h, amb el seg\u00fcent repertori per a tan especial ocasi\u00f3:<\/p>\n<p>&nbsp;<\/p>\n<h3>Primera part<\/h3>\n<p>Encuentros (pasdoble), de Jos\u00e9 R. Pascual Vilaplana<\/p>\n<p>Kaprekar (Simfonia n\u00ba 1), de Mart\u00ednez Gallego<\/p>\n<h3>Segona part<\/h3>\n<p>El milagro de la vida, de Bernardo Adam Ferrero<\/p>\n<ol>\n<li>La Fecundaci\u00f3n (Allegretto alla marcia-Allegro con brio)<\/li>\n<li>El embarazo (Moderato spiritoso)<\/li>\n<li>La embriog\u00e9nesis (Allegro scherzando-Andante mosso-Allegro scherzando)<\/li>\n<li>El milagro de la vida: el Nacimiento<\/li>\n<\/ol>\n<p>Rapsodia L\u00edrica Espa\u00f1ola, de Fernando Bonete\u00a0i altres<\/p>\n<ol>\n<li>La Revoltosa, preludio<\/li>\n<li>La Tempranica, zapateado<\/li>\n<li>Pan y Toros, pasacalle<\/li>\n<li>La corte de Fara\u00f3n, vals, pasodoble -garrot\u00edn-<\/li>\n<li>La Dolores, gran jota<\/li>\n<li>El Barberillo de Lavapi\u00e9s, caleseras<\/li>\n<li>La Gran V\u00eda, pasodoble<\/li>\n<li>El Baile de Luis Alonso, intermedio<\/li>\n<li>La Boda de Luis Alonso, intermedio<\/li>\n<\/ol>\n","protected":false},"excerpt":{"rendered":"<p>El cicle &#8220;De Banda a Banda&#8221; arranca este dissabte 28 de gener a les 21:15h a Amposta amb la interpretaci\u00f3 de la SIUM de Tavernes de la Valldigna<\/p>\n","protected":false},"author":2,"featured_media":0,"comment_status":"closed","ping_status":"closed","sticky":false,"template":"","format":"standard","meta":{"footnotes":""},"categories":[56],"tags":[],"class_list":["post-3487","post","type-post","status-publish","format-standard","hentry","category-societats-musicals"],"_links":{"self":[{"href":"https:\/\/fsmcv.org\/vl\/wp-json\/wp\/v2\/posts\/3487","targetHints":{"allow":["GET"]}}],"collection":[{"href":"https:\/\/fsmcv.org\/vl\/wp-json\/wp\/v2\/posts"}],"about":[{"href":"https:\/\/fsmcv.org\/vl\/wp-json\/wp\/v2\/types\/post"}],"author":[{"embeddable":true,"href":"https:\/\/fsmcv.org\/vl\/wp-json\/wp\/v2\/users\/2"}],"replies":[{"embeddable":true,"href":"https:\/\/fsmcv.org\/vl\/wp-json\/wp\/v2\/comments?post=3487"}],"version-history":[{"count":0,"href":"https:\/\/fsmcv.org\/vl\/wp-json\/wp\/v2\/posts\/3487\/revisions"}],"wp:attachment":[{"href":"https:\/\/fsmcv.org\/vl\/wp-json\/wp\/v2\/media?parent=3487"}],"wp:term":[{"taxonomy":"category","embeddable":true,"href":"https:\/\/fsmcv.org\/vl\/wp-json\/wp\/v2\/categories?post=3487"},{"taxonomy":"post_tag","embeddable":true,"href":"https:\/\/fsmcv.org\/vl\/wp-json\/wp\/v2\/tags?post=3487"}],"curies":[{"name":"wp","href":"https:\/\/api.w.org\/{rel}","templated":true}]}}