{"id":3491,"date":"2017-01-25T14:02:57","date_gmt":"2017-01-25T13:02:57","guid":{"rendered":"http:\/\/fsmcv.org\/?post_type=fsmcv-noticias&#038;p=3491"},"modified":"2021-04-08T19:44:22","modified_gmt":"2021-04-08T17:44:22","slug":"la-diputacio-dalacant-convoca-la-xxii-campanya-de-musica-als-pobles-2017","status":"publish","type":"post","link":"https:\/\/fsmcv.org\/vl\/societats-musicals\/la-diputacio-dalacant-convoca-la-xxii-campanya-de-musica-als-pobles-2017\/","title":{"rendered":"La Diputaci\u00f3 d&#8217;Alacant convoca la XXII Campanya de M\u00fasica als pobles 2017"},"content":{"rendered":"<p>La Diputaci\u00f3 d&#8217;Alacant ha convocat la XXII Campanya de M\u00fasica als Pobles 2017, la finalitat de la qual \u00e9s la difusi\u00f3 cultural mitjan\u00e7ant la interpretaci\u00f3 de concerts per les bandes de m\u00fasica de les Societats Musicals de la prov\u00edncia d&#8217;Alacant pertanyents a la FSMCV durant l&#8217;any 2017.<\/p>\n<p>El termini d&#8217;inscripci\u00f3 finalitza el 30 de gener. La data del concert que les bandes participants realitzaran durant aquest any no podr\u00e0 ser posterior al 15 d&#8217;octubre de 2017. La Diputaci\u00f3 d&#8217;Alacant abonar\u00e0 a cada societat musical inscrita en temps i forma a aquesta Convocat\u00f2ria una quantitat entre 1.200 i 2.500 euros en concepte d&#8217;actuaci\u00f3 de la banda de m\u00fasica.<\/p>\n<p>&nbsp;<\/p>\n<p>Les sol\u00b7licituds es complimentaran segons el model adjunt a les bases disponibles a aquest enlla\u00e7, i es lliuraran al Registre General d&#8217;Entrada de la Diputaci\u00f3, adre\u00e7ades a l&#8217;Ilm. Sr. President de la Excma. Diputaci\u00f3 d&#8217;Alacant, abans del 30 de gener.<\/p>\n<p>Les inst\u00e0ncies hauran d&#8217;anar acompanyades de la fotoc\u00f2pia del n\u00famero d&#8217;identificaci\u00f3 fiscal de la Societat Musical, i en el seu cas, de l&#8217;Escola de M\u00fasica degudament inscrita al Registre de Centres Docents de la Comunitat Valenciana.<\/p>\n<p>Les Societats Musicals participants en aquesta campanya hauran de fer constar en la informaci\u00f3 pr\u00f2pia del concert i en totes les actuaciones publicit\u00e0ries relacionades amb ell que l&#8217;actuaci\u00f3 de la banda ha estat sufragada per la Excma. Diputaci\u00f3 Provincial d&#8217;Alacant, dins de la XXII Campanya de M\u00fasica als Pobles, incloent el logotip de la mateixa.<\/p>\n<p>&nbsp;<\/p>\n<p><a href=\"http:\/\/fsmcv.org\/BTnet-storage\/wp-uploads\/2017\/01\/2016_014102.pdf\">PDF amb les bases de la convocat\u00f2ria i el model d&#8217;inst\u00e0ncia<\/a>.<\/p>\n","protected":false},"excerpt":{"rendered":"<p>Podr\u00e1n participar totes les societats musicals federades de la prov\u00edncia d&#8217;Alacant, enviant la seua sol\u00b7licitud abans del 30 de gener.<\/p>\n","protected":false},"author":2,"featured_media":0,"comment_status":"closed","ping_status":"closed","sticky":false,"template":"","format":"standard","meta":{"footnotes":""},"categories":[56],"tags":[],"class_list":["post-3491","post","type-post","status-publish","format-standard","hentry","category-societats-musicals"],"_links":{"self":[{"href":"https:\/\/fsmcv.org\/vl\/wp-json\/wp\/v2\/posts\/3491","targetHints":{"allow":["GET"]}}],"collection":[{"href":"https:\/\/fsmcv.org\/vl\/wp-json\/wp\/v2\/posts"}],"about":[{"href":"https:\/\/fsmcv.org\/vl\/wp-json\/wp\/v2\/types\/post"}],"author":[{"embeddable":true,"href":"https:\/\/fsmcv.org\/vl\/wp-json\/wp\/v2\/users\/2"}],"replies":[{"embeddable":true,"href":"https:\/\/fsmcv.org\/vl\/wp-json\/wp\/v2\/comments?post=3491"}],"version-history":[{"count":0,"href":"https:\/\/fsmcv.org\/vl\/wp-json\/wp\/v2\/posts\/3491\/revisions"}],"wp:attachment":[{"href":"https:\/\/fsmcv.org\/vl\/wp-json\/wp\/v2\/media?parent=3491"}],"wp:term":[{"taxonomy":"category","embeddable":true,"href":"https:\/\/fsmcv.org\/vl\/wp-json\/wp\/v2\/categories?post=3491"},{"taxonomy":"post_tag","embeddable":true,"href":"https:\/\/fsmcv.org\/vl\/wp-json\/wp\/v2\/tags?post=3491"}],"curies":[{"name":"wp","href":"https:\/\/api.w.org\/{rel}","templated":true}]}}