{"id":3494,"date":"2017-01-26T10:12:25","date_gmt":"2017-01-26T09:12:25","guid":{"rendered":"http:\/\/fsmcv.org\/?post_type=fsmcv-noticias&#038;p=3494"},"modified":"2021-04-08T19:43:44","modified_gmt":"2021-04-08T17:43:44","slug":"la-unio-musical-de-lliria-organiza-un-encuentro-de-oboe-con-juan-rodriguez-zarzo","status":"publish","type":"post","link":"https:\/\/fsmcv.org\/vl\/societats-musicals\/la-unio-musical-de-lliria-organiza-un-encuentro-de-oboe-con-juan-rodriguez-zarzo\/","title":{"rendered":"La Uni\u00f3 Musical de Ll\u00edria organitza una trobada d&#8217;obo\u00e8 amb Juan Rodr\u00edguez Zarzo"},"content":{"rendered":"<p>El pr\u00f2xim dissabte 18 de febrer, la Uni\u00f3 Musical de Ll\u00edria acullir\u00e0 dins del programa &#8220;Els Cursos de la Uni\u00f3&#8221; una trobada d&#8217;obo\u00e8 amb el professor Juan Rodr\u00edguez Zarzo, obo\u00e8 solista de l&#8217;Orquestra Simf\u00f2nica de Balears i que\u00a0en moltes ocasions ha combinat la seua activitat com a m\u00fasic amb la doc\u00e8ncia.<\/p>\n<p>Al llarg del dia de la trobada es faran classes individuals i col\u00b7lectives, repertori orquestral i m\u00fasica de cambra.<\/p>\n<p>Els interessats podran inscriure&#8217;s al curs fins el 13 de febrer. El preu de la jornada de formaci\u00f3, que es desenvolupar\u00e0 de 9:30 a 14 i de 16 a 20:30 hores el dia 18 de febrer, \u00e9s de 40\u20ac per als alumnes de la Uni\u00f3 Musical de Ll\u00edria i 50\u20ac per als alumnes externs.<\/p>\n<p>A partir de 10 alumnes, es realitzar\u00e0 un segon dia de curs el diumenge 19 de febrer.<\/p>\n<p>M\u00e9s informaci\u00f3 a la <a href=\"http:\/\/uniomusicaldelliria.com\/\" target=\"_blank\" rel=\"noopener\">web de la Uni\u00f3 Musical de Ll\u00edria<\/a> i a l&#8217;email de la societat musical <a href=\"mailto:escola@uniomusicaldelliria.com\">escola@uniomusicaldelliria.com<\/a>.<\/p>\n","protected":false},"excerpt":{"rendered":"<p>El curs es celebrar\u00e0 el dissabte 18 de febrer, de 9:30 a 14 i de 16 a 20:30h. La inscripci\u00f3 estar\u00e0 oberta fins el 13 de febrer.<\/p>\n","protected":false},"author":2,"featured_media":0,"comment_status":"closed","ping_status":"closed","sticky":false,"template":"","format":"standard","meta":{"footnotes":""},"categories":[56],"tags":[],"class_list":["post-3494","post","type-post","status-publish","format-standard","hentry","category-societats-musicals"],"_links":{"self":[{"href":"https:\/\/fsmcv.org\/vl\/wp-json\/wp\/v2\/posts\/3494","targetHints":{"allow":["GET"]}}],"collection":[{"href":"https:\/\/fsmcv.org\/vl\/wp-json\/wp\/v2\/posts"}],"about":[{"href":"https:\/\/fsmcv.org\/vl\/wp-json\/wp\/v2\/types\/post"}],"author":[{"embeddable":true,"href":"https:\/\/fsmcv.org\/vl\/wp-json\/wp\/v2\/users\/2"}],"replies":[{"embeddable":true,"href":"https:\/\/fsmcv.org\/vl\/wp-json\/wp\/v2\/comments?post=3494"}],"version-history":[{"count":0,"href":"https:\/\/fsmcv.org\/vl\/wp-json\/wp\/v2\/posts\/3494\/revisions"}],"wp:attachment":[{"href":"https:\/\/fsmcv.org\/vl\/wp-json\/wp\/v2\/media?parent=3494"}],"wp:term":[{"taxonomy":"category","embeddable":true,"href":"https:\/\/fsmcv.org\/vl\/wp-json\/wp\/v2\/categories?post=3494"},{"taxonomy":"post_tag","embeddable":true,"href":"https:\/\/fsmcv.org\/vl\/wp-json\/wp\/v2\/tags?post=3494"}],"curies":[{"name":"wp","href":"https:\/\/api.w.org\/{rel}","templated":true}]}}