{"id":3497,"date":"2017-01-26T11:46:19","date_gmt":"2017-01-26T10:46:19","guid":{"rendered":"http:\/\/fsmcv.org\/?post_type=fsmcv-noticias&#038;p=3497"},"modified":"2021-04-08T19:44:11","modified_gmt":"2021-04-08T17:44:11","slug":"tot-preparat-per-al-xxi-festival-de-bandes-dalacant","status":"publish","type":"post","link":"https:\/\/fsmcv.org\/vl\/societats-musicals\/tot-preparat-per-al-xxi-festival-de-bandes-dalacant\/","title":{"rendered":"Tot preparat per al XXI Festival de Bandes d&#8217;Alacant"},"content":{"rendered":"<p>El pr\u00f2xim diumenge 12 de febrer, l&#8217;Auditori de la Diputaci\u00f3 d&#8217;Alacant (ADDA) acullir\u00e0 les interpretacions de quatre de les nostres societats musicals d&#8217;Alacant: la Societat Musical &#8220;La Amistad&#8221; de Villafranqueza, la Uni\u00f3 Musical Ciutat d&#8217;Ass\u00eds, L&#8217;Harmonia Societat Musical i l&#8217;Agrupaci\u00f3 Musical SCD Carolinas. A m\u00e9s, participaran la Banda Municipal d&#8217;Alacant i una gran formaci\u00f3 musical creada per a la ocasi\u00f3 que aglutina els m\u00fasics de les joves bandes de les quatre societats musicals: la Banda Jove de les Societats Musicals d&#8217;Alacant.<\/p>\n<p>Continuant amb la iniciativa d&#8217;edicions anteriors, la Regidoria de Cultura d&#8217;Alacant celebra enguany un nou Festival de Bandes suportat en els quatre pilars sobre els que es sustenta la tradici\u00f3 band\u00edstica de la ciutat d&#8217;Alacant; quatre societats musicals els or\u00edgens de les quals es remonten en algun cas a mitjans del segle XIX (La Amistad fou fundada en 1856), i que aglutinen m\u00e9s de 300 m\u00fasics i 700 socis, a m\u00e9s d&#8217;educands, alumnes i professors.<\/p>\n<p>Este XXI Festival de Bandes constar\u00e0, com l&#8217;any passat, de dos sessions: a partir de les 11:30 La Amistad de Villafranqueza i la UM Ciutat d&#8217;Ass\u00eds es donaran cita a l&#8217;ADDA, junt amb la Banda Municipal d&#8217;Alacant. A la sessi\u00f3 vespertina arribar\u00e0 el torn de L&#8217;Harmonia d&#8217;Alacant i l&#8217;Agrupaci\u00f3 Musical SCD Carolinas, junt amb la interpretaci\u00f3 de la Banda Jove de les Societats Musicals d&#8217;Alacant.<\/p>\n<p>El programa que interpretar\u00e0 cada una d&#8217;aquestes formacions musicals \u00e9s el seg\u00fcent:<\/p>\n<p>&nbsp;<\/p>\n<h3>Societat Musical &#8220;La Amistad&#8221; de Villafranqueza<\/h3>\n<p>Benicadell (pasdoble)&#8230;&#8230;&#8230;&#8230;&#8230;&#8230;. Joan Enric Canet Todol\u00ed<\/p>\n<p>Danz\u00f3n n\u00ba 2 &#8230;&#8230;&#8230;&#8230;&#8230;&#8230;&#8230;&#8230;&#8230;&#8230;&#8230;.. Arturo M\u00e1rquez. Trans. Oliver Nickel<\/p>\n<p>Huapango &#8230;&#8230;&#8230;&#8230;&#8230;&#8230;&#8230;&#8230;&#8230;&#8230;&#8230;&#8230;.. Juan Pablo Moncayo. Trans. Seiji Matsuda<\/p>\n<p><em>Director: Eduardo Peris Signes<\/em><\/p>\n<h3>Uni\u00f3 Musical Ciutat d&#8217;Ass\u00eds<\/h3>\n<p>M\u00fasica y vinos (pasodoble) &#8230;&#8230;&#8230;.. Manuel Morales Mart\u00ednez<\/p>\n<p>Gloriosa (poema sinf\u00f3nico)&#8230;&#8230;&#8230;&#8230; Yasuhide Ito<\/p>\n<p>Strange Humors &#8230;&#8230;&#8230;&#8230;&#8230;&#8230;&#8230;&#8230;&#8230;. John Makey<\/p>\n<p><em>Director: Francisco A. Soler Campa\u00f1<\/em><\/p>\n<h3>Banda Simf\u00f2nica Municipal de Alicante<\/h3>\n<p>Santjoaneries (pasdoble) &#8230;&#8230;&#8230;&#8230;.. Fernando Campos<\/p>\n<p>Turandot (Suite de la \u00d3pera) &#8230;&#8230;&#8230;. F. Busoni<\/p>\n<p><em>Director: Jos\u00e9 Vicente D\u00edaz Alcaina<\/em><\/p>\n<h3>L&#8217;Harmonia Societat Musical<\/h3>\n<p>Las Arenas (pasodoble) &#8230;&#8230;&#8230;&#8230;&#8230;&#8230;. Manuel Morales Mart\u00ednez<\/p>\n<p>Onco&#8217;s (poema simf\u00f2nic) &#8230;&#8230;&#8230;&#8230;&#8230;. A. Ruda Peco<\/p>\n<p>El Rac\u00f3 de l&#8217;Or (poema simf\u00f2nic) &#8230; Sa\u00fcl G\u00f3mez Soler<\/p>\n<p><em>Director: Jos\u00e9 Tom\u00e1s Mo\u00f1inos Baeza<\/em><\/p>\n<h3>Agrupaci\u00f3 Musical SCD Carolinas<\/h3>\n<p>Arte (pasdoble) &#8230;&#8230;&#8230;&#8230;&#8230;&#8230;&#8230;&#8230;&#8230;&#8230; Juan Bautista Frances Parra<\/p>\n<p>The island of the ligth &#8230;&#8230;&#8230;&#8230;&#8230;&#8230;&#8230; Jos\u00e9 Alberto Pina<\/p>\n<p><em>Director: Jaume Pascual Sirera<\/em><\/p>\n<h3>Banda Jove de les Societats Musicals d&#8217;Alacant<\/h3>\n<p>M\u00fasica Maestro &#8230;&#8230;&#8230;&#8230;&#8230;&#8230;&#8230;&#8230;&#8230;&#8230; Lionel Beltr\u00e1n-Cecilia<\/p>\n<p><em>Director: David Fern\u00e1ndez<\/em><\/p>\n<p>Invicta &#8230;&#8230;&#8230;&#8230;&#8230;&#8230;&#8230;&#8230;&#8230;&#8230;&#8230;&#8230;&#8230;&#8230;&#8230; James Swearigen<\/p>\n<p><em>Director: Jos\u00e9 \u00c1ngel Llorens<\/em><\/p>\n<p>Acrob\u00e0cies &#8230;&#8230;&#8230;&#8230;&#8230;&#8230;&#8230;&#8230;&#8230;&#8230;&#8230;&#8230;.. Hugo Chinesta<\/p>\n<p><em>Director: Jorge Baeza<\/em><\/p>\n<p>Paradise &#8230;&#8230;&#8230;&#8230;&#8230;&#8230;&#8230;&#8230;&#8230;&#8230;&#8230;&#8230;&#8230;&#8230; \u00d3scar Navarro<\/p>\n<p><em>Director: Sergio Berenguer<\/em><\/p>\n","protected":false},"excerpt":{"rendered":"<p>El festival es celebrar\u00e0 el pr\u00f2xim diumenge 12 de febrer a l&#8217;ADDA, en dos sessions: pel mat\u00ed a les 11:30 i per la vesprada a les 17:30 hores.<\/p>\n","protected":false},"author":2,"featured_media":0,"comment_status":"closed","ping_status":"closed","sticky":false,"template":"","format":"standard","meta":{"footnotes":""},"categories":[56],"tags":[],"class_list":["post-3497","post","type-post","status-publish","format-standard","hentry","category-societats-musicals"],"_links":{"self":[{"href":"https:\/\/fsmcv.org\/vl\/wp-json\/wp\/v2\/posts\/3497","targetHints":{"allow":["GET"]}}],"collection":[{"href":"https:\/\/fsmcv.org\/vl\/wp-json\/wp\/v2\/posts"}],"about":[{"href":"https:\/\/fsmcv.org\/vl\/wp-json\/wp\/v2\/types\/post"}],"author":[{"embeddable":true,"href":"https:\/\/fsmcv.org\/vl\/wp-json\/wp\/v2\/users\/2"}],"replies":[{"embeddable":true,"href":"https:\/\/fsmcv.org\/vl\/wp-json\/wp\/v2\/comments?post=3497"}],"version-history":[{"count":0,"href":"https:\/\/fsmcv.org\/vl\/wp-json\/wp\/v2\/posts\/3497\/revisions"}],"wp:attachment":[{"href":"https:\/\/fsmcv.org\/vl\/wp-json\/wp\/v2\/media?parent=3497"}],"wp:term":[{"taxonomy":"category","embeddable":true,"href":"https:\/\/fsmcv.org\/vl\/wp-json\/wp\/v2\/categories?post=3497"},{"taxonomy":"post_tag","embeddable":true,"href":"https:\/\/fsmcv.org\/vl\/wp-json\/wp\/v2\/tags?post=3497"}],"curies":[{"name":"wp","href":"https:\/\/api.w.org\/{rel}","templated":true}]}}