{"id":3609,"date":"2017-01-31T11:14:35","date_gmt":"2017-01-31T10:14:35","guid":{"rendered":"http:\/\/fsmcv.org\/?post_type=fsmcv-noticias&#038;p=3609"},"modified":"2021-04-08T19:11:12","modified_gmt":"2021-04-08T17:11:12","slug":"master-class-de-direccio-amb-jan-cober-al-cim-la-armonica-de-bunyol","status":"publish","type":"post","link":"https:\/\/fsmcv.org\/vl\/area-educativa-vl\/master-class-de-direccio-amb-jan-cober-al-cim-la-armonica-de-bunyol\/","title":{"rendered":"Master Class de direcci\u00f3 amb Jan Cober al CIM La Arm\u00f3nica de Bunyol"},"content":{"rendered":"<p>Els pr\u00f2xims dies 24 i 25 de febrer al Palau de la M\u00fasica de Bunyol, el CIM La Arm\u00f3nica de Bunyol organitza una Master Class de Direcci\u00f3 amb el prestigi\u00f3s director holand\u00e8s Jan Cober.<\/p>\n<p>Sota el t\u00edtol &#8220;Interpretaci\u00f3 o gest: \u00bfuna guerra?&#8221;, el reconegut director permetr\u00e0 als alumnes treballar q\u00fcestions tan importants com la direcci\u00f3 cl\u00e0ssica o la influ\u00e8ncia del repertori cl\u00e0ssic en la m\u00fasica actual durant la primera jornada (divendres 24 de 16:00 a 20:30), i pr\u00e0ctiques amb ensemble del repertori del curs al llarg de la segona sessi\u00f3 (dissabte 25 de 10 a 14h).<\/p>\n<p>El curs inclou\u00a0assist\u00e8ncia presencial als assajos amb la Banda Simf\u00f2nica del CIM La Arm\u00f3nica i concert sota la direcci\u00f3 del Mestre Jan Cober.<\/p>\n<p>Poden apuntar-se tant alumnes actius com alumnes oients, fins el 21 de febrer. S&#8217;ha establert un m\u00e0xim de 10 alumnes actius, i no hi haur\u00e0 l\u00edmit pel que fa als oients.<\/p>\n<p>El preu de la Master Class \u00e9s de 80\u20ac per als alumnes actius i 40\u20ac per als alumnes oients.<\/p>\n<p>Pots descarregar el <a href=\"http:\/\/www.cimlaarmonica.es\/images\/programas\/Jan_cober.pdf\" target=\"_blank\" rel=\"noopener\">d\u00edptic amb tota la informaci\u00f3 del curs a aquest enlla\u00e7<\/a>.<\/p>\n<h3><\/h3>\n","protected":false},"excerpt":{"rendered":"<p>La Master Class es celebrar\u00e0 els pr\u00f2xims dies 24 i 25 de febrer al Palau de la M\u00fasica de Bunyol. La inscripci\u00f3 romandr\u00e0 oberta fins el 21 de febrer.<\/p>\n","protected":false},"author":2,"featured_media":0,"comment_status":"closed","ping_status":"closed","sticky":false,"template":"","format":"standard","meta":{"footnotes":""},"categories":[161,164],"tags":[],"class_list":["post-3609","post","type-post","status-publish","format-standard","hentry","category-area-educativa-vl","category-xarxa-centres-educatius"],"_links":{"self":[{"href":"https:\/\/fsmcv.org\/vl\/wp-json\/wp\/v2\/posts\/3609","targetHints":{"allow":["GET"]}}],"collection":[{"href":"https:\/\/fsmcv.org\/vl\/wp-json\/wp\/v2\/posts"}],"about":[{"href":"https:\/\/fsmcv.org\/vl\/wp-json\/wp\/v2\/types\/post"}],"author":[{"embeddable":true,"href":"https:\/\/fsmcv.org\/vl\/wp-json\/wp\/v2\/users\/2"}],"replies":[{"embeddable":true,"href":"https:\/\/fsmcv.org\/vl\/wp-json\/wp\/v2\/comments?post=3609"}],"version-history":[{"count":0,"href":"https:\/\/fsmcv.org\/vl\/wp-json\/wp\/v2\/posts\/3609\/revisions"}],"wp:attachment":[{"href":"https:\/\/fsmcv.org\/vl\/wp-json\/wp\/v2\/media?parent=3609"}],"wp:term":[{"taxonomy":"category","embeddable":true,"href":"https:\/\/fsmcv.org\/vl\/wp-json\/wp\/v2\/categories?post=3609"},{"taxonomy":"post_tag","embeddable":true,"href":"https:\/\/fsmcv.org\/vl\/wp-json\/wp\/v2\/tags?post=3609"}],"curies":[{"name":"wp","href":"https:\/\/api.w.org\/{rel}","templated":true}]}}