{"id":3613,"date":"2017-01-31T14:10:14","date_gmt":"2017-01-31T13:10:14","guid":{"rendered":"http:\/\/fsmcv.org\/?post_type=fsmcv-noticias&#038;p=3613"},"modified":"2021-04-08T19:10:30","modified_gmt":"2021-04-08T17:10:30","slug":"luis-serrano-alarcon-toma-las-riendas-de-la-banda-sinfonica-de-villar-del-arzobispo","status":"publish","type":"post","link":"https:\/\/fsmcv.org\/vl\/societats-musicals\/luis-serrano-alarcon-toma-las-riendas-de-la-banda-sinfonica-de-villar-del-arzobispo\/","title":{"rendered":"Luis Serrano Alarc\u00f3n ser\u00e0 el nou director de la banda simf\u00f2nica de Villar del Arzobispo"},"content":{"rendered":"<p>La banda de la Uni\u00f3 Musical Santa Cec\u00edlia de Villar del Arzobispo ha iniciat una nova etapa amb este 2017, en el qual la formaci\u00f3 estrena nou director amb el qual espera continuar creixent i assolint nous objectius. I \u00e9s que ha sigut ara, amb aquest nou any, quan la formaci\u00f3 ha donat a con\u00e9ixer a la persona que marcar\u00e0 amb la seua batuta el ritme d&#8217;una formaci\u00f3 que aspira a continuar millorant.<\/p>\n<p>Es tracta de Luis Serrano Alarcon (Chiva, 1972), que si b\u00e9 ja ha sigut presentat com a nou director titular de la UMSC de Villar del Arzobispo, encara tindr\u00e0 que esperar uns mesos per a debutar de forma oficial. De moment, el m\u00fasic valenci\u00e0 natural de Chiva ja ha comen\u00e7at els assajos amb la banda simf\u00f2nica de Villar del Arzobispo, que tenen com a objectiu el concert de presentaci\u00f3 oficial que est\u00e0 previst per al 8 d&#8217;abril, moment en el qual els m\u00fasics pujaran a l&#8217;escenari per a dar compte del treball realitzat durant estos mesos.<\/p>\n<p>Luis Serrano Alarc\u00f3n \u00e9s un compositor i director espanyol de gran projecci\u00f3 internacional. Malgrat la seua joventut, les seues obres s&#8217;han interpretat en m\u00e9s de 30 pa\u00efsos, ha sigut convidat a dirigir la seua pr\u00f2pia m\u00fasica tant dins de les nostres fronteres com a altres pa\u00efsos, i ha rebut enc\u00e0rrecs d&#8217;importants entitats i agrupacions nacionals i internacionals. En 2012, la Southeastern Conference Band Directors Association, formada per un consorci de 14 universitats dels EUA, li encarreg\u00e0 la composici\u00f3 de Symphony for Wind Orchestra, la seua primera simfonia estrenada en octubre de 2013.<\/p>\n<p>El seu curr\u00edculum tamb\u00e9 est\u00e0 farcit de premis i incl\u00fas ha obtingut en dos ocasions el Primer Premi del Concurs Internacional de Composici\u00f3 per a M\u00fasica de Banda de Corciano (It\u00e0lia): en 2006 amb l&#8217;obra &#8220;Preludio y Danza del Alba&#8221; per a quintet de metalls i banda simf\u00f2nica; i en 2009, amb &#8220;La Dama Centinela&#8221;. En 2010 va guanyar amb eixa mateixa obra el Premi Euterpe de la nostra Federaci\u00f3 de Societats Musicals de la Comunitat Valenciana en la categoria de millor composici\u00f3 de m\u00fasica simf\u00f2nica, i en 2011 la seua obra &#8220;Duende&#8221; fou guardonada amb el Premi a la millor edici\u00f3 d&#8217;obres cl\u00e0ssiques als Premis de la M\u00fasica que anualment lliura l&#8217;Academia de las Artes y las Ciencias de M\u00fasica, i que s\u00f3n els m\u00e9s importants al camp de la m\u00fasica a Espanya.<\/p>\n<p>Luis Serrano Alarc\u00f3n ha sigut, entre 2011 i 2013, membre del WASBE Board of Directors, Junta Directiva de l&#8217;Associaci\u00f3 Mundial de Bandes de M\u00fasica i Ensembles de Vent. Paral\u00b7lelament, desenvolupa una compromesa tasca docent com a Funcionari de Carrera al Cos de Professors de M\u00fasica i Arts Esc\u00e8niques de la Comunitat Valenciana, al Conservatori Professional de M\u00fasica de Torrent (Val\u00e8ncia). Des de 2015, sota el segell Alarcon Music, desenvolupa el seu propi projecte editorial.<\/p>\n","protected":false},"excerpt":{"rendered":"<p>Els assajos ja han comen\u00e7at i la presentaci\u00f3 oficial est\u00e0 prevista per al 8 d&#8217;abril<\/p>\n","protected":false},"author":2,"featured_media":0,"comment_status":"closed","ping_status":"closed","sticky":false,"template":"","format":"standard","meta":{"footnotes":""},"categories":[56],"tags":[],"class_list":["post-3613","post","type-post","status-publish","format-standard","hentry","category-societats-musicals"],"_links":{"self":[{"href":"https:\/\/fsmcv.org\/vl\/wp-json\/wp\/v2\/posts\/3613","targetHints":{"allow":["GET"]}}],"collection":[{"href":"https:\/\/fsmcv.org\/vl\/wp-json\/wp\/v2\/posts"}],"about":[{"href":"https:\/\/fsmcv.org\/vl\/wp-json\/wp\/v2\/types\/post"}],"author":[{"embeddable":true,"href":"https:\/\/fsmcv.org\/vl\/wp-json\/wp\/v2\/users\/2"}],"replies":[{"embeddable":true,"href":"https:\/\/fsmcv.org\/vl\/wp-json\/wp\/v2\/comments?post=3613"}],"version-history":[{"count":0,"href":"https:\/\/fsmcv.org\/vl\/wp-json\/wp\/v2\/posts\/3613\/revisions"}],"wp:attachment":[{"href":"https:\/\/fsmcv.org\/vl\/wp-json\/wp\/v2\/media?parent=3613"}],"wp:term":[{"taxonomy":"category","embeddable":true,"href":"https:\/\/fsmcv.org\/vl\/wp-json\/wp\/v2\/categories?post=3613"},{"taxonomy":"post_tag","embeddable":true,"href":"https:\/\/fsmcv.org\/vl\/wp-json\/wp\/v2\/tags?post=3613"}],"curies":[{"name":"wp","href":"https:\/\/api.w.org\/{rel}","templated":true}]}}