{"id":3617,"date":"2017-01-31T14:45:34","date_gmt":"2017-01-31T13:45:34","guid":{"rendered":"http:\/\/fsmcv.org\/?post_type=fsmcv-noticias&#038;p=3617"},"modified":"2021-04-08T19:10:18","modified_gmt":"2021-04-08T17:10:18","slug":"la-jove-orquestra-de-la-primitiva-setabense-es-prova-este-dissabte-en-la-llosa-de-ranes","status":"publish","type":"post","link":"https:\/\/fsmcv.org\/vl\/societats-musicals\/la-jove-orquestra-de-la-primitiva-setabense-es-prova-este-dissabte-en-la-llosa-de-ranes\/","title":{"rendered":"La Jove Orquestra de la Primitiva Setabense es &#8220;prova&#8221; este dissabte en la Llosa de Ranes"},"content":{"rendered":"<p class=\"western\">La Jove Orquestra de la Primitiva Setabense presenta este dissabte en la Llosa de Ranes el programa amb el qual concursar\u00e0 a la primera edici\u00f3 del Concurs Bankia d&#8217;Orquestres de la Comunitat Valenciana. L&#8217;actuaci\u00f3 \u00e9s possible gr\u00e0cies a l&#8217;Ajuntament de la Llosa de Ranes que ha incl\u00f2s este concert en la seua programaci\u00f3 d&#8217;activitats culturals i ha cedit l&#8217;Auditori Municipal de la localitat, i es compta amb la col\u00b7laboraci\u00f3 de la SM de la Llosa de Ranes. Amb entrada gratu\u00efta, el concert s&#8217;iniciar\u00e0 a les 19:30h.<\/p>\n<p class=\"western\">Sota la direcci\u00f3 del seu titular, Jos\u00e9 Mart\u00ednez Colomina, l&#8217;orquestra interpretar\u00e0 en primer lloc l&#8217;obertura d&#8217;Egmont, de Ludwig van Beethoven, i a continuaci\u00f3 la Simfonia 104 &#8220;Londres&#8221; de Joseph Haydn.<\/p>\n<p class=\"western\">La Jove Orquestra de la Primitiva Setabense ha sigut seleccionada per a participar en la primera edici\u00f3 del Concurs Bankia d&#8217;Orquestres de la Comunitat Valenciana, organitzat per la Federaci\u00f3 de Societats Musicals de la Comunitat Valenciana, l&#8217;Institut Valenci\u00e0 de Cultura i Bankia. El concurs es celebrar\u00e0 els dies 11 i 12 de febrer a l&#8217;Auditori del Palau de les Arts Reina Sofia, en Val\u00e8ncia. S&#8217;han establert dos categories: la categoria Salvador Giner, per a orquestres fins a 50 m\u00fasics, i la categoria Martin i Soler, de mes de 50 m\u00fasics. L&#8217;Orquestra Setabense participar\u00e0 el dissabte 11 en la categoria Salvador Giner junt amb les orquestres de l&#8217;Ateneu de Cullera, Rafelbunyol i Seg0rbe.<\/p>\n<p class=\"western\">Les orquestres participants, quatre per categoria, han tingut que demostrar una antiguitat m\u00ednima de tres anys, ser de la Comunitat Valenciana i pert\u00e0nyer a una societat musical associada a la FSMCV, a m\u00e9s de presentar el curr\u00edculum vitae del seu director i una gravaci\u00f3 d&#8217;alguna de les seues interpretacions.<\/p>\n<p class=\"western\">Des de la societat musical setabense s&#8217;ha mostrat l&#8217;agra\u00efment p\u00fablic a l&#8217;Ajuntament de Llosa de Ranes i al seua alcalde, Evarist Aznar, per facilitar a l&#8217;orquestra un auditori idoni per &#8220;provar-se&#8221; de cara al concurs.<\/p>\n","protected":false},"excerpt":{"rendered":"<p>La Jove Orquestra de la Primitiva Setabense presenta este dissabte en la Llosa de Ranes el programa amb el qual concursar\u00e0 en la primera edici\u00f3 del Concurs Bankia d&#8217;Orquestres de la Comunitat Valenciana.<\/p>\n","protected":false},"author":2,"featured_media":0,"comment_status":"closed","ping_status":"closed","sticky":false,"template":"","format":"standard","meta":{"footnotes":""},"categories":[56],"tags":[],"class_list":["post-3617","post","type-post","status-publish","format-standard","hentry","category-societats-musicals"],"_links":{"self":[{"href":"https:\/\/fsmcv.org\/vl\/wp-json\/wp\/v2\/posts\/3617","targetHints":{"allow":["GET"]}}],"collection":[{"href":"https:\/\/fsmcv.org\/vl\/wp-json\/wp\/v2\/posts"}],"about":[{"href":"https:\/\/fsmcv.org\/vl\/wp-json\/wp\/v2\/types\/post"}],"author":[{"embeddable":true,"href":"https:\/\/fsmcv.org\/vl\/wp-json\/wp\/v2\/users\/2"}],"replies":[{"embeddable":true,"href":"https:\/\/fsmcv.org\/vl\/wp-json\/wp\/v2\/comments?post=3617"}],"version-history":[{"count":0,"href":"https:\/\/fsmcv.org\/vl\/wp-json\/wp\/v2\/posts\/3617\/revisions"}],"wp:attachment":[{"href":"https:\/\/fsmcv.org\/vl\/wp-json\/wp\/v2\/media?parent=3617"}],"wp:term":[{"taxonomy":"category","embeddable":true,"href":"https:\/\/fsmcv.org\/vl\/wp-json\/wp\/v2\/categories?post=3617"},{"taxonomy":"post_tag","embeddable":true,"href":"https:\/\/fsmcv.org\/vl\/wp-json\/wp\/v2\/tags?post=3617"}],"curies":[{"name":"wp","href":"https:\/\/api.w.org\/{rel}","templated":true}]}}