{"id":3621,"date":"2017-02-01T09:08:18","date_gmt":"2017-02-01T08:08:18","guid":{"rendered":"http:\/\/fsmcv.org\/?post_type=fsmcv-noticias&#038;p=3621"},"modified":"2021-04-08T19:09:27","modified_gmt":"2021-04-08T17:09:27","slug":"berklee-college-music-y-la-fsmcv-organizan-el-simposio-mujeres-y-direccion","status":"publish","type":"post","link":"https:\/\/fsmcv.org\/vl\/societats-musicals\/berklee-college-music-y-la-fsmcv-organizan-el-simposio-mujeres-y-direccion\/","title":{"rendered":"Berklee College of Music organitza el Simposi &#8220;Dones i direcci\u00f3&#8221; amb la col\u00b7laboraci\u00f3 de la FSMCV, CulturArts i Bankia"},"content":{"rendered":"<p>Segons el diari brit\u00e0nic The Guardian, &#8220;l&#8217;\u00faltima temporada de Proms de la BBC (<em>The Henry Wood Promenade Concerts presented by the BBC<\/em>) va incloure 75 concerts. D&#8217;aquests, nom\u00e9s 8 van ser dirigits per dones, amb una dona, Marin Alsop, al front de tres d&#8217;ells. En poques paraules, no n&#8217;hi ha prou&#8221;.<\/p>\n<p>Sota aquesta premisa, el proper <strong>dijous 16\u00a0de febrer a les 11:00 hores<\/strong>, l&#8217;Aula Magistral del Palau de les Arts Reina Sofia de Val\u00e8ncia acull la confer\u00e8ncia <strong>&#8220;Women and conducting&#8221;<\/strong> (&#8220;Dones i direcci\u00f3&#8221;), l&#8217;objectiu del qual \u00e9s donar visibilitat i sensibilitzar sobre la pres\u00e8ncia desigual de dones en el m\u00f3n de la direcci\u00f3 musical, aix\u00ed com discutir sobre les estrat\u00e8gies i iniciatives que podrien contribuir a l&#8217;eradicaci\u00f3 del &#8220;sostre de cristall&#8221; que existeix en les posiciones de lideratge en les esferes de la m\u00fasica contempor\u00e0nia, des de la m\u00fasica cl\u00e0ssica fins a la direcci\u00f3 musical, l&#8217;orquestraci\u00f3 i el cinema.<\/p>\n<p>Entre els participants a la confer\u00e8ncia, estan Pl\u00e1cido Domingo, el reconegut tenor, director i administrador art\u00edstic;\u00a0<strong>Alice Farnham<\/strong>, cofundadora i Directora Art\u00edstica de &#8220;Women Conductors&#8221; a la Royal Philharmonic Society; <strong>Vanessa Garde<\/strong>, compositora per a cinema i\u00a0televisi\u00f3, membre del campus de Valencia del Berklee College of Music; <strong>Yi-Chen Lin<\/strong>, directora, violinista i pianista; <strong>Nan Schwartz<\/strong>, compositora, guanyadora d&#8217;un Grammy i nominada cinc vegades als\u00a0Grammy i set vegades als\u00a0Emmy; <strong>Miriam Gonz\u00e1lez<\/strong>, abogada, fundadora i presidenta d&#8217;Inspiring Girls International; <strong>Luana Chailly<\/strong>, directora de producci\u00f3 en el Palau de les Arts Reina Sof\u00eda de Val\u00e8ncia; i\u00a0<strong>Liz Teutsch<\/strong>, directora de l&#8217;Academic Technology i professora associada al campus de Val\u00e8ncia del Berklee College of Music.<\/p>\n<p>El simposi est\u00e0 organitzat en dues sessions; en la sessi\u00f3 de mat\u00ed, d&#8217;11 a 14 hores, els conferenciants posaran damunt de la taula la hist\u00f2ria de les dones directores en les bandes simf\u00f2niques valencianes, i qu\u00e8 els est\u00e0 impedint desenvolupar la seua carrera en la direcci\u00f3 musical. La gestora cultural de la FSMCV, <strong>Lourdes Chilet<\/strong>, oferir\u00e0 una presentaci\u00f3 en aquest context sobre la evoluci\u00f3 de la <strong>pres\u00e8ncia de les dones a les nostres societats musicals<\/strong>.<\/p>\n<p>Els participants compartiran les seues experi\u00e8ncies, identificaran els reptes clau i oferiran estrat\u00e8gies per empoderar les futures generacions amb el prop\u00f2sit d&#8217;anar tancant eixa bretxa de g\u00e8nere en la direcci\u00f3 musical.<\/p>\n<p>La sessi\u00f3 de la vesprada, de 16 a 18 hores, consistir\u00e0 en un workshop sobre direcci\u00f3, amb la participaci\u00f3 de la Jove Orquestra de la Generalitat Valenciana sota la direcci\u00f3 de Yi-Chen Lin i Alice Farnham.<\/p>\n<p>El simposi comptar\u00e0 en tot moment amb un servei de\u00a0<strong>traducci\u00f3 simult\u00e0nia<\/strong>. \u00c9s gratu\u00eft per\u00f2 amb aforament limitat que atendr\u00e0 a l&#8217;ordre d&#8217;inscripci\u00f3. Podeu fer la\u00a0<a href=\"https:\/\/valencia.berklee.edu\/women-and-conducting\/#%21\" target=\"_blank\" rel=\"noopener\">inscripci\u00f3 des de la web del campus Valencia del Berklee<\/a>\u00a0o <a href=\"https:\/\/docs.google.com\/forms\/d\/e\/1FAIpQLSeipbjlgFf_4QQq5MnIoe2EsuFEhGmhqOGN5AxjtVepCc7YzQ\/viewform\" target=\"_blank\" rel=\"noopener\">en este formulari d&#8217;inscripci\u00f3<\/a>.<\/p>\n","protected":false},"excerpt":{"rendered":"<p>La confer\u00e8ncia, en qu\u00e8 participen destacades dones de l&#8217;\u00e0mbit de la m\u00fasica internacional i el reconegut tenor Pl\u00e1cido Domingo, es celebrar\u00e0 el dijous 16 de febrer des de les 11 fins a les 18 hores a l&#8217;Aula Magistral del Palau de les Arts Reina Sofia de Val\u00e8ncia, i comptar\u00e0 amb traducci\u00f3 simult\u00e0nia.<\/p>\n","protected":false},"author":2,"featured_media":0,"comment_status":"closed","ping_status":"closed","sticky":false,"template":"","format":"standard","meta":{"footnotes":""},"categories":[56],"tags":[],"class_list":["post-3621","post","type-post","status-publish","format-standard","hentry","category-societats-musicals"],"_links":{"self":[{"href":"https:\/\/fsmcv.org\/vl\/wp-json\/wp\/v2\/posts\/3621","targetHints":{"allow":["GET"]}}],"collection":[{"href":"https:\/\/fsmcv.org\/vl\/wp-json\/wp\/v2\/posts"}],"about":[{"href":"https:\/\/fsmcv.org\/vl\/wp-json\/wp\/v2\/types\/post"}],"author":[{"embeddable":true,"href":"https:\/\/fsmcv.org\/vl\/wp-json\/wp\/v2\/users\/2"}],"replies":[{"embeddable":true,"href":"https:\/\/fsmcv.org\/vl\/wp-json\/wp\/v2\/comments?post=3621"}],"version-history":[{"count":0,"href":"https:\/\/fsmcv.org\/vl\/wp-json\/wp\/v2\/posts\/3621\/revisions"}],"wp:attachment":[{"href":"https:\/\/fsmcv.org\/vl\/wp-json\/wp\/v2\/media?parent=3621"}],"wp:term":[{"taxonomy":"category","embeddable":true,"href":"https:\/\/fsmcv.org\/vl\/wp-json\/wp\/v2\/categories?post=3621"},{"taxonomy":"post_tag","embeddable":true,"href":"https:\/\/fsmcv.org\/vl\/wp-json\/wp\/v2\/tags?post=3621"}],"curies":[{"name":"wp","href":"https:\/\/api.w.org\/{rel}","templated":true}]}}