{"id":3722,"date":"2017-02-07T16:58:59","date_gmt":"2017-02-07T15:58:59","guid":{"rendered":"http:\/\/fsmcv.org\/?post_type=fsmcv-noticias&#038;p=3722"},"modified":"2021-04-08T18:58:41","modified_gmt":"2021-04-08T16:58:41","slug":"la-fsmcv-la-diputacio-de-valencia-signen-un-conveni-que-impulsara-els-serveis-de-la-fsmcv-les-societats-musicals","status":"publish","type":"post","link":"https:\/\/fsmcv.org\/vl\/societats-musicals\/la-fsmcv-la-diputacio-de-valencia-signen-un-conveni-que-impulsara-els-serveis-de-la-fsmcv-les-societats-musicals\/","title":{"rendered":"La FSMCV i la Diputaci\u00f3 de Val\u00e8ncia signen un conveni que impulsar\u00e0 els serveis de la FSMCV a les societats musicals"},"content":{"rendered":"<p><strong>El president de la Federaci\u00f3 de Societats Musicals de la Comunitat Valenciana (FSMCV), Pedro Rodr\u00edguez, i el president de la Diputaci\u00f3 de Val\u00e8ncia, Jorge Rodr\u00edguez, han signat este mat\u00ed un conveni de col\u00b7laboraci\u00f3 que t\u00e9 l&#8217;objectiu d&#8217;impulsar la professionalitzaci\u00f3 del sector mitjan\u00e7ant un projecte de gesti\u00f3 cultural per a societats musicals (SSMM).<\/strong><\/p>\n<p>Pedro Rodr\u00edguez ha mostrat el seu agra\u00efment per aquest conveni que significa el reconeixement a una reivindicaci\u00f3 que des de l&#8217;any 2000 s&#8217;ha realitzat des d&#8217;aquesta instituci\u00f3 i que havia quedat paralitzat amb la crisi.<\/p>\n<p>L&#8217;acord de col\u00b7laboraci\u00f3, que s&#8217;estendr\u00e0 fins a juny del 2019, permetr\u00e0 agilitar les ajudes concedides per la Diputaci\u00f3 a les SSMM mitjan\u00e7ant la coordinaci\u00f3 entre els gestors culturals que la FSMCV posar\u00e0 al seu servei els t\u00e8cnics d&#8217;aquest organisme p\u00fablic. D&#8217;aquesta manera, les SSMM tindran una assist\u00e8ncia territorial en tot el proc\u00e9s de gesti\u00f3 de les subvencions que li han estat assignades, professionalitzant-se el proc\u00e9s de gesti\u00f3 cultural.<\/p>\n<p>&#8220;El voluntarisme en les societats musicals \u00e9s imprescindible que existisca, per\u00f2 tamb\u00e9 \u00e9s fonamental que els processos de gesti\u00f3 cultural estiguen recolzats per professionals per a una major garantia d&#8217;\u00e8xit. Per tant, equilibrar este binomi \u00e9s essencial per a una millor agilitaci\u00f3 dels processos en la gesti\u00f3 de les ajudes i modernitzaci\u00f3 del col\u00b7lectiu musical&#8221;, ha declarat el president de la FSMCV.<\/p>\n<p>Per la seua banda, el president de la Diputaci\u00f3 ha destacat el comprom\u00eds d&#8217;aquesta instituci\u00f3 amb les SSMM, com a part essencial de la nostra cultura, i ha manifestat que la millor forma de portar-ho a la pr\u00e0ctica \u00e9s la creaci\u00f3 d&#8217;aquest conveni que atorgar\u00e0 major flu\u00efdesa i agilitat a les sol\u00b7licituds que aquestes realitzen.<\/p>\n<h3>Ajudes de la Diputaci\u00f3 de Val\u00e8ncia a les SSMM<\/h3>\n<p>Les subvencions de la Diputaci\u00f3 de Val\u00e8ncia a les SSMM van arribar als 3 milions d&#8217;euros en 2016:<\/p>\n<ul>\n<li>&#8211; 1.275.000 \u20ac es van destinar\u00a0al programa &#8220;Retrobem&#8221; per a concerts, manteniment de les escoles i adquisici\u00f3 de noves partitures.<\/li>\n<li>&#8211; 625.000 \u20ac per a la millora de cert\u00e0mens i actes commemoratius.<\/li>\n<li>&#8211; 625.000 \u20ac para la compra d&#8217;instruments.<\/li>\n<li>&#8211; 500.000 euros\u00a0per a la rehabilitaci\u00f3 de locals.<\/li>\n<\/ul>\n<p>El m\u00e0xim responsable provincial ha resaltat tamb\u00e9 les novetats aprovades \u00faltimament com \u00e9s la inclusi\u00f3 en les ajudes a rehabilitaci\u00f3 de locals a aquelles societats musicals que disposen d&#8217;un local arrendat (durant un m\u00ednim de cinc anys), ja que fins al moment era una mesura de la qual \u00fanicament es podien beneficiar les societats que disposaven d&#8217;un local en propietat.<\/p>\n","protected":false},"excerpt":{"rendered":"<p>La incorporaci\u00f3 de gestors culturals a la FSMCV per posar-los a disposici\u00f3 de les societats musicals, que es coordinaran amb un t\u00e8cnic del govern provincial, agilitar\u00e0 el proc\u00e9s de concessi\u00f3 de les subvencions sol\u00b7licitades per aquest col\u00b7lectiu.<\/p>\n","protected":false},"author":2,"featured_media":0,"comment_status":"closed","ping_status":"closed","sticky":false,"template":"","format":"standard","meta":{"footnotes":""},"categories":[56],"tags":[],"class_list":["post-3722","post","type-post","status-publish","format-standard","hentry","category-societats-musicals"],"_links":{"self":[{"href":"https:\/\/fsmcv.org\/vl\/wp-json\/wp\/v2\/posts\/3722","targetHints":{"allow":["GET"]}}],"collection":[{"href":"https:\/\/fsmcv.org\/vl\/wp-json\/wp\/v2\/posts"}],"about":[{"href":"https:\/\/fsmcv.org\/vl\/wp-json\/wp\/v2\/types\/post"}],"author":[{"embeddable":true,"href":"https:\/\/fsmcv.org\/vl\/wp-json\/wp\/v2\/users\/2"}],"replies":[{"embeddable":true,"href":"https:\/\/fsmcv.org\/vl\/wp-json\/wp\/v2\/comments?post=3722"}],"version-history":[{"count":0,"href":"https:\/\/fsmcv.org\/vl\/wp-json\/wp\/v2\/posts\/3722\/revisions"}],"wp:attachment":[{"href":"https:\/\/fsmcv.org\/vl\/wp-json\/wp\/v2\/media?parent=3722"}],"wp:term":[{"taxonomy":"category","embeddable":true,"href":"https:\/\/fsmcv.org\/vl\/wp-json\/wp\/v2\/categories?post=3722"},{"taxonomy":"post_tag","embeddable":true,"href":"https:\/\/fsmcv.org\/vl\/wp-json\/wp\/v2\/tags?post=3722"}],"curies":[{"name":"wp","href":"https:\/\/api.w.org\/{rel}","templated":true}]}}